{"id":127579,"date":"2021-09-20T09:58:04","date_gmt":"2021-09-20T13:58:04","guid":{"rendered":"https:\/\/linitiative.ca\/International\/aeroport-plus-de-8-400-passagers-internationaux-15-juin-31-aout\/"},"modified":"2021-09-20T09:58:04","modified_gmt":"2021-09-20T13:58:04","slug":"aeroport-plus-de-8-400-passagers-internationaux-15-juin-31-aout","status":"publish","type":"post","link":"https:\/\/linitiative.ca\/International\/aeroport-plus-de-8-400-passagers-internationaux-15-juin-31-aout\/","title":{"rendered":"A\u00e9roport: Plus de 8.400 passagers internationaux (15 juin-31 ao\u00fbt)"},"content":{"rendered":"<div>\n<div style=\"margin-bottom:20px;\"><img loading=\"lazy\" decoding=\"async\" width=\"750\" height=\"430\" src=\"https:\/\/linitiative.ca\/International\/wp-content\/uploads\/sites\/23\/2021\/09\/AC3A9roport-Essaouira-Mogador-2-copier.jpg\" class=\"attachment-post-thumbnail size-post-thumbnail wp-post-image\" alt=\"\" srcset=\"https:\/\/linitiative.ca\/International\/wp-content\/uploads\/sites\/23\/2021\/09\/AC3A9roport-Essaouira-Mogador-2-copier.jpg 750w, http:\/\/www.mapmarrakech.ma\/map\/uploads\/2021\/09\/A\u00e9roport-Essaouira-Mogador-2-copier-300x172.jpg 300w\" sizes=\"auto, (max-width: 750px) 100vw, 750px\"><\/div>\n<div>\n<p>Ce volume repr\u00e9sente un taux de r\u00e9cup\u00e9ration de 41% pour les passagers et de 56% pour le nombre de vols (mouvements) par rapport \u00e0 la m\u00eame p\u00e9riode de l\u2019ann\u00e9e 2019, pr\u00e9cise l\u2019ONDA dans son bilan du trafic a\u00e9rien commercial pour la p\u00e9riode allant du 15 juin au 31 ao\u00fbt 2021.<\/p>\n<p>Les a\u00e9roports du Maroc ont enregistr\u00e9 durant la m\u00eame p\u00e9riode un volume de trafic commercial international de 3.560.526 passagers, accueillis \u00e0 travers 31.202 vols internationaux.<\/p>\n<p>Ce volume repr\u00e9sente un taux de r\u00e9cup\u00e9ration par rapport \u00e0 la m\u00eame p\u00e9riode de l\u2019ann\u00e9e 2019, de 65% pour les passagers et de 77% pour les mouvements.<\/p>\n<p>Cette performance s\u2019explique, selon l\u2019Office, par l\u2019\u00e9volution importante du trafic a\u00e9rien, suite aux Hautes Instructions Royales qui ont accompagn\u00e9 le lancement de l\u2019op\u00e9ration \u00ab\u00a0Marhaba 2021\u00a0\u00bb.<\/p>\n<\/div>\n<p>The post <a rel=\"nofollow\" href=\"http:\/\/www.mapmarrakech.ma\/fr\/aeroport-plus-de-8-400-passagers-internationaux-15-juin-31-aout\/\">A\u00e9roport: Plus de 8.400 passagers internationaux (15 juin-31 ao\u00fbt)<\/a> appeared first on <a rel=\"nofollow\" href=\"http:\/\/www.mapmarrakech.ma\/fr\">MapMarrakech<\/a>.<\/p>\n<\/div>\n<p>Auteur: Meriem IGASS<br \/>\n<a href=\"http:\/\/www.mapmarrakech.ma\/fr\/aeroport-plus-de-8-400-passagers-internationaux-15-juin-31-aout\/\">Cliquez ici pour lire l&rsquo;article depuis sa source.<\/a><\/p>\n","protected":false},"excerpt":{"rendered":"<p>Ce volume repr\u00e9sente un taux de r\u00e9cup\u00e9ration de 41% pour les passagers et de 56% pour le nombre de vols (mouvements) par rapport \u00e0 la m\u00eame p\u00e9riode de l\u2019ann\u00e9e 2019, pr\u00e9cise l\u2019ONDA dans son bilan du trafic a\u00e9rien commercial pour la p\u00e9riode allant du 15 juin au 31 ao\u00fbt 2021. Les a\u00e9roports du Maroc ont [&hellip;]<\/p>\n","protected":false},"author":1788,"featured_media":0,"comment_status":"closed","ping_status":"closed","sticky":false,"template":"","format":"standard","meta":{"fifu_image_url":"http:\/\/www.mapmarrakech.ma\/map\/uploads\/2021\/09\/A\u00e9roport-Essaouira-Mogador-2-copier.jpg","fifu_image_alt":"A\u00e9roport: Plus de 8.400 passagers internationaux (15 juin-31 ao\u00fbt)","footnotes":""},"categories":[54,76],"tags":[],"class_list":["post-127579","post","type-post","status-publish","format-standard","hentry","category-maroc","category-regions"],"_links":{"self":[{"href":"https:\/\/linitiative.ca\/International\/wp-json\/wp\/v2\/posts\/127579","targetHints":{"allow":["GET"]}}],"collection":[{"href":"https:\/\/linitiative.ca\/International\/wp-json\/wp\/v2\/posts"}],"about":[{"href":"https:\/\/linitiative.ca\/International\/wp-json\/wp\/v2\/types\/post"}],"author":[{"embeddable":true,"href":"https:\/\/linitiative.ca\/International\/wp-json\/wp\/v2\/users\/1788"}],"replies":[{"embeddable":true,"href":"https:\/\/linitiative.ca\/International\/wp-json\/wp\/v2\/comments?post=127579"}],"version-history":[{"count":0,"href":"https:\/\/linitiative.ca\/International\/wp-json\/wp\/v2\/posts\/127579\/revisions"}],"wp:attachment":[{"href":"https:\/\/linitiative.ca\/International\/wp-json\/wp\/v2\/media?parent=127579"}],"wp:term":[{"taxonomy":"category","embeddable":true,"href":"https:\/\/linitiative.ca\/International\/wp-json\/wp\/v2\/categories?post=127579"},{"taxonomy":"post_tag","embeddable":true,"href":"https:\/\/linitiative.ca\/International\/wp-json\/wp\/v2\/tags?post=127579"}],"curies":[{"name":"wp","href":"https:\/\/api.w.org\/{rel}","templated":true}]}}