{"id":127583,"date":"2021-09-20T10:39:00","date_gmt":"2021-09-20T14:39:00","guid":{"rendered":"https:\/\/linitiative.ca\/International\/lipc-en-hausse-de-08-en-aout-2021\/"},"modified":"2021-09-20T10:39:00","modified_gmt":"2021-09-20T14:39:00","slug":"lipc-en-hausse-de-08-en-aout-2021","status":"publish","type":"post","link":"https:\/\/linitiative.ca\/International\/lipc-en-hausse-de-08-en-aout-2021\/","title":{"rendered":"L\u2019IPC en hausse de 0,8% en ao\u00fbt 2021"},"content":{"rendered":"<div>\n<div style=\"margin-bottom:20px;\"><img loading=\"lazy\" decoding=\"async\" width=\"750\" height=\"430\" src=\"https:\/\/linitiative.ca\/International\/wp-content\/uploads\/sites\/23\/2021\/09\/HCP-1.jpg\" class=\"attachment-post-thumbnail size-post-thumbnail wp-post-image\" alt=\"\" srcset=\"https:\/\/linitiative.ca\/International\/wp-content\/uploads\/sites\/23\/2021\/09\/HCP-1.jpg 750w, http:\/\/www.mapmarrakech.ma\/map\/uploads\/2021\/06\/HCP-1-300x172.jpg 300w\" sizes=\"auto, (max-width: 750px) 100vw, 750px\"><\/div>\n<p>Cette variation r\u00e9sulte de la hausse de l\u2019indice des produits non alimentaires de 2% et de la baisse de celui des produits alimentaires de 1%, pr\u00e9cise le HCP dans une note sur l\u2019indice des prix \u00e0 la consommation du mois d\u2019ao\u00fbt.<\/p>\n<p>Pour les produits non alimentaires, les variations vont d\u2019une baisse de 0,4% pour la \u00ab\u00a0communication\u00a0\u00bb \u00e0 une hausse de 6,1% pour le \u00ab\u00a0Transport\u00a0\u00bb.<\/p>\n<p>Pour le mois d\u2019ao\u00fbt, l\u2019IPC a connu une stagnation par rapport au mois pr\u00e9c\u00e9dent, d\u00fb au r\u00e9sultat de la baisse de 0,4% de l\u2019indice des produits alimentaires et de la hausse de 0,4% de l\u2019indice des produits non alimentaires.<\/p>\n<p>Les baisses des produits alimentaires observ\u00e9es entre juillet et ao\u00fbt 2021 concernent principalement les \u00ab\u00a0l\u00e9gumes\u00a0\u00bb, avec 3%, les \u00ab\u00a0viandes\u00a0\u00bb, avec 2,3%, les \u00ab\u00a0poissons et fruits de mer\u00a0\u00bb, avec 1,7% et le \u00ab\u00a0Lait, fromage et \u0153ufs\u00a0\u00bb avec 0,5%.<\/p>\n<p>En revanche, les prix ont augment\u00e9 de 2,8% pour les \u00ab\u00a0fruits\u00a0\u00bb, de 1,1% pour les \u00ab\u00a0Huiles et graisses\u00a0\u00bb et de 0,2% pour les \u00ab\u00a0Eaux min\u00e9rales, boissons rafraichissantes, jus de fruits et de l\u00e9gumes\u00a0\u00bb.<\/p>\n<p>Pour les produits non alimentaires, la hausse a concern\u00e9 principalement les prix des \u00ab\u00a0carburants\u00a0\u00bb avec 0,5%.<\/p>\n<p>Les hausses les plus importantes de l\u2019IPC ont \u00e9t\u00e9 enregistr\u00e9es \u00e0 Agadir avec 1%, \u00e0 Al-hoceima avec 0,9%, \u00e0 Errachidia avec 0,6%, \u00e0 Marrakech avec 0,5% et \u00e0 Tanger avec 0,4%, pr\u00e9cise le HCP, notant qu\u2019en revanche, des baisses ont \u00e9t\u00e9 enregistr\u00e9es \u00e0 K\u00e9nitra avec 0,7%, \u00e0 Rabat et Settat avec 0,4% et \u00e0 F\u00e8s et Safi avec 0,2%.<\/p>\n<p>Dans ces conditions, l\u2019indicateur d\u2019inflation sous-jacente, qui exclut les produits \u00e0 prix volatiles et les produits \u00e0 tarifs publics, aurait connu au cours du mois d\u2019ao\u00fbt 2021 une augmentation de 0,2% par rapport au mois de juillet 2021 et de 1,7% par rapport au mois d\u2019ao\u00fbt 2020.<\/p>\n<p>The post <a rel=\"nofollow\" href=\"http:\/\/www.mapmarrakech.ma\/fr\/lipc-en-hausse-de-08-en-aout-2021\/\">L\u2019IPC en hausse de 0,8% en ao\u00fbt 2021<\/a> appeared first on <a rel=\"nofollow\" href=\"http:\/\/www.mapmarrakech.ma\/fr\">MapMarrakech<\/a>.<\/p>\n<\/div>\n<p>Auteur: Meriem IGASS<br \/>\n<a href=\"http:\/\/www.mapmarrakech.ma\/fr\/lipc-en-hausse-de-08-en-aout-2021\/\">Cliquez ici pour lire l&rsquo;article depuis sa source.<\/a><\/p>\n","protected":false},"excerpt":{"rendered":"<p>Cette variation r\u00e9sulte de la hausse de l\u2019indice des produits non alimentaires de 2% et de la baisse de celui des produits alimentaires de 1%, pr\u00e9cise le HCP dans une note sur l\u2019indice des prix \u00e0 la consommation du mois d\u2019ao\u00fbt. Pour les produits non alimentaires, les variations vont d\u2019une baisse de 0,4% pour la [&hellip;]<\/p>\n","protected":false},"author":1788,"featured_media":0,"comment_status":"closed","ping_status":"closed","sticky":false,"template":"","format":"standard","meta":{"fifu_image_url":"http:\/\/www.mapmarrakech.ma\/map\/uploads\/2021\/06\/HCP-1.jpg","fifu_image_alt":"L\u2019IPC en hausse de 0,8% en ao\u00fbt 2021","footnotes":""},"categories":[54,76],"tags":[],"class_list":["post-127583","post","type-post","status-publish","format-standard","hentry","category-maroc","category-regions"],"_links":{"self":[{"href":"https:\/\/linitiative.ca\/International\/wp-json\/wp\/v2\/posts\/127583","targetHints":{"allow":["GET"]}}],"collection":[{"href":"https:\/\/linitiative.ca\/International\/wp-json\/wp\/v2\/posts"}],"about":[{"href":"https:\/\/linitiative.ca\/International\/wp-json\/wp\/v2\/types\/post"}],"author":[{"embeddable":true,"href":"https:\/\/linitiative.ca\/International\/wp-json\/wp\/v2\/users\/1788"}],"replies":[{"embeddable":true,"href":"https:\/\/linitiative.ca\/International\/wp-json\/wp\/v2\/comments?post=127583"}],"version-history":[{"count":0,"href":"https:\/\/linitiative.ca\/International\/wp-json\/wp\/v2\/posts\/127583\/revisions"}],"wp:attachment":[{"href":"https:\/\/linitiative.ca\/International\/wp-json\/wp\/v2\/media?parent=127583"}],"wp:term":[{"taxonomy":"category","embeddable":true,"href":"https:\/\/linitiative.ca\/International\/wp-json\/wp\/v2\/categories?post=127583"},{"taxonomy":"post_tag","embeddable":true,"href":"https:\/\/linitiative.ca\/International\/wp-json\/wp\/v2\/tags?post=127583"}],"curies":[{"name":"wp","href":"https:\/\/api.w.org\/{rel}","templated":true}]}}