{"id":127587,"date":"2021-09-20T11:36:04","date_gmt":"2021-09-20T15:36:04","guid":{"rendered":"https:\/\/linitiative.ca\/International\/soulaimane-azouagh-elu-president-du-conseil-communal-de-nador\/"},"modified":"2021-09-20T11:36:04","modified_gmt":"2021-09-20T15:36:04","slug":"soulaimane-azouagh-elu-president-du-conseil-communal-de-nador","status":"publish","type":"post","link":"https:\/\/linitiative.ca\/International\/soulaimane-azouagh-elu-president-du-conseil-communal-de-nador\/","title":{"rendered":"Soulaimane Azouagh \u00e9lu pr\u00e9sident du Conseil communal de Nador"},"content":{"rendered":"<div>\n<div style=\"margin-bottom:20px;\"><img loading=\"lazy\" decoding=\"async\" width=\"750\" height=\"430\" src=\"https:\/\/linitiative.ca\/International\/wp-content\/uploads\/sites\/23\/2021\/09\/Logo-du-USFP-750C397430-DR.jpg\" class=\"attachment-post-thumbnail size-post-thumbnail wp-post-image\" alt=\"\" srcset=\"https:\/\/linitiative.ca\/International\/wp-content\/uploads\/sites\/23\/2021\/09\/Logo-du-USFP-750C397430-DR.jpg 750w, http:\/\/www.mapoujda.ma\/map\/uploads\/2021\/09\/Logo-du-USFP-750\u00d7430-DR-300x172.jpg 300w\" sizes=\"auto, (max-width: 750px) 100vw, 750px\"><\/div>\n<div>\n<p style=\"text-align: justify;\">Soulaimane Azouagh, de l\u2019Union socialiste des forces populaires (USFP), a \u00e9t\u00e9 \u00e9lu, lundi, pr\u00e9sident du Conseil communal de Nador.<\/p>\n<p style=\"text-align: justify;\">M. Azouagh a obtenu les voix de 21 membres sur les 39 que compte le Conseil, contre 16 voix pour son rival Rafik Majait, du Parti authenticit\u00e9 et modernit\u00e9 (PAM), lors de la session de vote marqu\u00e9e par le d\u00e9sistement du candidat du Rassemblement national des ind\u00e9pendants (RNI).<\/p>\n<p style=\"text-align: justify;\">Un membre du Conseil s\u2019est abstenu de voter et un autre s\u2019est absent\u00e9 de cette session, tenue en pr\u00e9sence des repr\u00e9sentants des autorit\u00e9s locales et qui a connu aussi l\u2019\u00e9lection des 7 vice-pr\u00e9sidents ainsi que du secr\u00e9taire du Conseil et de son adjoint.<\/p>\n<p style=\"text-align: justify;\">La majorit\u00e9 qui dirige d\u00e9sormais le Conseil communal de Nador est form\u00e9e d\u2019une alliance de plusieurs partis, \u00e0 savoir l\u2019USFP, le Parti du progr\u00e8s et du socialisme (PPS), le Mouvement populaire (MP), le Parti de la justice et du d\u00e9veloppement (PJD), le Mouvement social et d\u00e9mocratique (MDS) et le Parti de la renaissance et de la vertu (PRV), en plus du mouvement sans appartenance politique \u00abWah Nzemma\u00bb.<\/p>\n<p style=\"text-align: justify;\">Dans une d\u00e9claration \u00e0 la MAP apr\u00e8s son \u00e9lection, M. Azouagh a exprim\u00e9 sa d\u00e9termination de travailler aussi bien avec la majorit\u00e9 qu\u2019avec l\u2019opposition pour servir les int\u00e9r\u00eats de la ville de Nador, en vue d\u2019accompagner les grands chantiers lanc\u00e9s dans cette ville et leurs assurer les infrastructures et les ressources humaines n\u00e9cessaires.<\/p>\n<p style=\"text-align: justify;\">Le RNI \u00e9tait arriv\u00e9 en t\u00eate des \u00e9lections du 8 septembre au niveau de la commune urbaine de Nador, en obtenant 8 si\u00e8ges, devan\u00e7ant l\u2019USFP et le PPS avec 6 si\u00e8ges chacun, le PAM avec 5 si\u00e8ges et \u00abWah Nzemma\u00bb avec 3 si\u00e8ges.<\/p>\n<p style=\"text-align: justify;\">Le MP, le Parti de l\u2019Istiqlal (PI) et le PJD ont d\u00e9croch\u00e9 2 si\u00e8ges chacun, alors que le Parti de l\u2019environnement et du d\u00e9veloppement durable (PEDD), le Parti socialiste unifi\u00e9 (PSU), le Parti des Verts, le MDS et le PRV ont obtenu un si\u00e8ge chacun.<\/p>\n<\/div>\n<p>L\u2019article <a rel=\"nofollow\" href=\"http:\/\/www.mapoujda.ma\/fr\/soulaimane-azouagh-elu-president-du-conseil-communal-de-nador\/\">Soulaimane Azouagh \u00e9lu pr\u00e9sident du Conseil communal de Nador<\/a> est apparu en premier sur <a rel=\"nofollow\" href=\"http:\/\/www.mapoujda.ma\/fr\">MapOujda<\/a>.<\/p>\n<\/div>\n<p>Auteur: Soufiane ELAHMAR<br \/>\n<a href=\"http:\/\/www.mapoujda.ma\/fr\/soulaimane-azouagh-elu-president-du-conseil-communal-de-nador\/\">Cliquez ici pour lire l&rsquo;article depuis sa source.<\/a><\/p>\n","protected":false},"excerpt":{"rendered":"<p>Soulaimane Azouagh, de l\u2019Union socialiste des forces populaires (USFP), a \u00e9t\u00e9 \u00e9lu, lundi, pr\u00e9sident du Conseil communal de Nador. M. Azouagh a obtenu les voix de 21 membres sur les 39 que compte le Conseil, contre 16 voix pour son rival Rafik Majait, du Parti authenticit\u00e9 et modernit\u00e9 (PAM), lors de la session de vote [&hellip;]<\/p>\n","protected":false},"author":1788,"featured_media":0,"comment_status":"closed","ping_status":"closed","sticky":false,"template":"","format":"standard","meta":{"fifu_image_url":"http:\/\/www.mapoujda.ma\/map\/uploads\/2021\/09\/Logo-du-USFP-750\u00d7430-DR.jpg","fifu_image_alt":"Soulaimane Azouagh \u00e9lu pr\u00e9sident du Conseil communal de Nador","footnotes":""},"categories":[54,76],"tags":[],"class_list":["post-127587","post","type-post","status-publish","format-standard","hentry","category-maroc","category-regions"],"_links":{"self":[{"href":"https:\/\/linitiative.ca\/International\/wp-json\/wp\/v2\/posts\/127587","targetHints":{"allow":["GET"]}}],"collection":[{"href":"https:\/\/linitiative.ca\/International\/wp-json\/wp\/v2\/posts"}],"about":[{"href":"https:\/\/linitiative.ca\/International\/wp-json\/wp\/v2\/types\/post"}],"author":[{"embeddable":true,"href":"https:\/\/linitiative.ca\/International\/wp-json\/wp\/v2\/users\/1788"}],"replies":[{"embeddable":true,"href":"https:\/\/linitiative.ca\/International\/wp-json\/wp\/v2\/comments?post=127587"}],"version-history":[{"count":0,"href":"https:\/\/linitiative.ca\/International\/wp-json\/wp\/v2\/posts\/127587\/revisions"}],"wp:attachment":[{"href":"https:\/\/linitiative.ca\/International\/wp-json\/wp\/v2\/media?parent=127587"}],"wp:term":[{"taxonomy":"category","embeddable":true,"href":"https:\/\/linitiative.ca\/International\/wp-json\/wp\/v2\/categories?post=127587"},{"taxonomy":"post_tag","embeddable":true,"href":"https:\/\/linitiative.ca\/International\/wp-json\/wp\/v2\/tags?post=127587"}],"curies":[{"name":"wp","href":"https:\/\/api.w.org\/{rel}","templated":true}]}}