{"id":127589,"date":"2021-09-20T13:28:30","date_gmt":"2021-09-20T17:28:30","guid":{"rendered":"https:\/\/linitiative.ca\/International\/la-vague-liee-au-variant-delta-en-phase-descendante-depuis-5-semaines\/"},"modified":"2021-09-20T13:28:30","modified_gmt":"2021-09-20T17:28:30","slug":"la-vague-liee-au-variant-delta-en-phase-descendante-depuis-5-semaines","status":"publish","type":"post","link":"https:\/\/linitiative.ca\/International\/la-vague-liee-au-variant-delta-en-phase-descendante-depuis-5-semaines\/","title":{"rendered":"La vague li\u00e9e au variant Delta en phase descendante depuis 5 semaines"},"content":{"rendered":"<div>\n<div style=\"margin-bottom:20px;\"><img loading=\"lazy\" decoding=\"async\" width=\"750\" height=\"430\" src=\"https:\/\/linitiative.ca\/International\/wp-content\/uploads\/sites\/23\/2021\/09\/Le-coordonnateur-du-Centre-national-des-opC3A9rations-durgence-de-santC3A9-publique-au-ministC3A8re-de-la-SantC3A9-750C397430-MAP.jpg\" class=\"attachment-post-thumbnail size-post-thumbnail wp-post-image\" alt=\"\" srcset=\"https:\/\/linitiative.ca\/International\/wp-content\/uploads\/sites\/23\/2021\/09\/Le-coordonnateur-du-Centre-national-des-opC3A9rations-durgence-de-santC3A9-publique-au-ministC3A8re-de-la-SantC3A9-750C397430-MAP.jpg 750w, http:\/\/www.mapoujda.ma\/map\/uploads\/2021\/09\/Le-coordonnateur-du-Centre-national-des-op\u00e9rations-durgence-de-sant\u00e9-publique-au-minist\u00e8re-de-la-Sant\u00e9-750\u00d7430-MAP-300x172.jpg 300w\" sizes=\"auto, (max-width: 750px) 100vw, 750px\"><\/div>\n<p style=\"text-align: justify;\">La vague actuelle li\u00e9e au variant Delta est en phase descendante depuis cinq semaines, a indiqu\u00e9 le coordonnateur du Centre national des op\u00e9rations d\u2019urgence de sant\u00e9 publique au minist\u00e8re de la Sant\u00e9, Mouad Merabet.<\/p>\n<p style=\"text-align: justify;\">\u00ab\u00a0Sauf surprise, l\u2019am\u00e9lioration continuera la semaine prochaine\u00a0\u00bb, a soulign\u00e9 M. Merabet sur son compte LinkedIn dans un bref commentaire sur la situation \u00e9pid\u00e9miologique de Covid-19 intitul\u00e9: \u00ab\u00a0le Maroc passe du niveau rouge au niveau orange\u00a0\u00bb.<\/p>\n<p style=\"text-align: justify;\">Apr\u00e8s huit semaines cons\u00e9cutives de transmission \u00e9lev\u00e9e du SARS-CoV-2 (niveau de criticit\u00e9 rouge), le Maroc passe cette semaine au niveau mod\u00e9r\u00e9 de transmission du SARS-CoV-2: niveau de criticit\u00e9 orange, a-t-il relev\u00e9, notant que trois r\u00e9gions sont au niveau vert, cinq au niveau orange et quatre au niveau rouge.<\/p>\n<p style=\"text-align: justify;\">S\u2019agissant du nombre de d\u00e9c\u00e8s, M. Merabet a fait savoir que celui-ci a diminu\u00e9 cette semaine de 23% par rapport \u00e0 la semaine derni\u00e8re, ajoutant qu\u2019un nombre total de 1.039 personnes admises dans un \u00e9tat grave a \u00e9t\u00e9 enregistr\u00e9 \u00e9galement cette semaine.<\/p>\n<p style=\"text-align: justify;\">Ainsi, \u00ab\u00a0le niveau de testing cette semaine \u00e0 l\u2019\u00e9chelon national \u00e9tait de 392 tests\/100.000\u00a0\u00bb, a-t-il poursuivi, faisant remarquer que ce niveau \u00ab\u00a0est conforme aux recommandations internationales exigeant au moins 300 tests\/100.000 hts\/sem\u00a0\u00bb.<\/p>\n<p style=\"text-align: justify;\">M. Merabet a, par ailleurs, soulign\u00e9 que l\u2019incidence hebdomadaire est en baisse continue : \u00ab\u00a041\/100.000 hts alors qu\u2019elle a atteint le pic de 181 personnes contamin\u00e9es pour chaque 100.000 habitants durant la semaine du 02-08\/08\/2021\u00a0\u00bb.<\/p>\n<p style=\"text-align: justify;\">Le taux de reproduction (Rt) du SARS-CoV-2 \u00e0 la date du 19\/09\/2021 est, toujours selon M. Merabet, de 0.91 (+\/- 0.01), tandis que la positivit\u00e9 continue sa baisse: 10.33%, soit la plus basse depuis 9 semaines.<\/p>\n<p style=\"text-align: justify;\">M. Merabet a rappel\u00e9 l\u2019importance de la vaccination, des mesures pr\u00e9ventives individuelles et collectives et du strict respect du protocole th\u00e9rapeutique national.<\/p>\n<p>L\u2019article <a rel=\"nofollow\" href=\"http:\/\/www.mapoujda.ma\/fr\/la-vague-liee-au-variant-delta-en-phase-descendante-depuis-5-semaines\/\">La vague li\u00e9e au variant Delta en phase descendante depuis 5 semaines<\/a> est apparu en premier sur <a rel=\"nofollow\" href=\"http:\/\/www.mapoujda.ma\/fr\">MapOujda<\/a>.<\/p>\n<\/div>\n<p>Auteur: Soufiane ELAHMAR<br \/>\n<a href=\"http:\/\/www.mapoujda.ma\/fr\/la-vague-liee-au-variant-delta-en-phase-descendante-depuis-5-semaines\/\">Cliquez ici pour lire l&rsquo;article depuis sa source.<\/a><\/p>\n","protected":false},"excerpt":{"rendered":"<p>La vague actuelle li\u00e9e au variant Delta est en phase descendante depuis cinq semaines, a indiqu\u00e9 le coordonnateur du Centre national des op\u00e9rations d\u2019urgence de sant\u00e9 publique au minist\u00e8re de la Sant\u00e9, Mouad Merabet. \u00ab\u00a0Sauf surprise, l\u2019am\u00e9lioration continuera la semaine prochaine\u00a0\u00bb, a soulign\u00e9 M. Merabet sur son compte LinkedIn dans un bref commentaire sur la [&hellip;]<\/p>\n","protected":false},"author":1788,"featured_media":0,"comment_status":"closed","ping_status":"closed","sticky":false,"template":"","format":"standard","meta":{"fifu_image_url":"http:\/\/www.mapoujda.ma\/map\/uploads\/2021\/09\/Le-coordonnateur-du-Centre-national-des-op\u00e9rations-durgence-de-sant\u00e9-publique-au-minist\u00e8re-de-la-Sant\u00e9-750\u00d7430-MAP.jpg","fifu_image_alt":"La vague li\u00e9e au variant Delta en phase descendante depuis 5 semaines","footnotes":""},"categories":[54,76],"tags":[],"class_list":["post-127589","post","type-post","status-publish","format-standard","hentry","category-maroc","category-regions"],"_links":{"self":[{"href":"https:\/\/linitiative.ca\/International\/wp-json\/wp\/v2\/posts\/127589","targetHints":{"allow":["GET"]}}],"collection":[{"href":"https:\/\/linitiative.ca\/International\/wp-json\/wp\/v2\/posts"}],"about":[{"href":"https:\/\/linitiative.ca\/International\/wp-json\/wp\/v2\/types\/post"}],"author":[{"embeddable":true,"href":"https:\/\/linitiative.ca\/International\/wp-json\/wp\/v2\/users\/1788"}],"replies":[{"embeddable":true,"href":"https:\/\/linitiative.ca\/International\/wp-json\/wp\/v2\/comments?post=127589"}],"version-history":[{"count":0,"href":"https:\/\/linitiative.ca\/International\/wp-json\/wp\/v2\/posts\/127589\/revisions"}],"wp:attachment":[{"href":"https:\/\/linitiative.ca\/International\/wp-json\/wp\/v2\/media?parent=127589"}],"wp:term":[{"taxonomy":"category","embeddable":true,"href":"https:\/\/linitiative.ca\/International\/wp-json\/wp\/v2\/categories?post=127589"},{"taxonomy":"post_tag","embeddable":true,"href":"https:\/\/linitiative.ca\/International\/wp-json\/wp\/v2\/tags?post=127589"}],"curies":[{"name":"wp","href":"https:\/\/api.w.org\/{rel}","templated":true}]}}