{"id":127591,"date":"2021-09-20T10:50:51","date_gmt":"2021-09-20T14:50:51","guid":{"rendered":"https:\/\/linitiative.ca\/International\/meknes-jaouad-bahaji-rni-elu-president-du-conseil-communal\/"},"modified":"2021-09-20T10:50:51","modified_gmt":"2021-09-20T14:50:51","slug":"meknes-jaouad-bahaji-rni-elu-president-du-conseil-communal","status":"publish","type":"post","link":"https:\/\/linitiative.ca\/International\/meknes-jaouad-bahaji-rni-elu-president-du-conseil-communal\/","title":{"rendered":"Mekn\u00e8s: Jaouad Bahaji (RNI) \u00e9lu pr\u00e9sident du Conseil communal"},"content":{"rendered":"<div>\n<div class=\"field field-name-body field-type-text-with-summary field-label-hidden\">\n<div class=\"field-items\">\n<div class=\"field-item even\" property=\"content:encoded\">\n<p class=\"rtejustify\">Jaouad Bahaji du Rassemblement National des Ind\u00e9pendants (RNI) a \u00e9t\u00e9 \u00e9lu, lundi, pr\u00e9sident du Conseil de la commune de Mekn\u00e8s. Le nouveau maire de la ville d\u00e9croche\u00a040 voix sur les 61 si\u00e8ges que compte la ville.<\/p>\n<\/div>\n<\/div>\n<\/div>\n<\/div>\n<p>Auteur: hgueye<br \/>\n<a href=\"https:\/\/www.leconomiste.com\/flash-infos\/meknes-jaouad-bahaji-rni-elu-president-du-conseil-communal\">Cliquez ici pour lire l&rsquo;article depuis sa source.<\/a><\/p>\n","protected":false},"excerpt":{"rendered":"<p>Jaouad Bahaji du Rassemblement National des Ind\u00e9pendants (RNI) a \u00e9t\u00e9 \u00e9lu, lundi, pr\u00e9sident du Conseil de la commune de Mekn\u00e8s. Le nouveau maire de la ville d\u00e9croche\u00a040 voix sur les 61 si\u00e8ges que compte la ville. Auteur: hgueye Cliquez ici pour lire l&rsquo;article depuis sa source.<\/p>\n","protected":false},"author":1763,"featured_media":0,"comment_status":"closed","ping_status":"closed","sticky":false,"template":"","format":"standard","meta":{"fifu_image_url":"","fifu_image_alt":"","footnotes":""},"categories":[78,54],"tags":[],"class_list":["post-127591","post","type-post","status-publish","format-standard","hentry","category-economie","category-maroc"],"_links":{"self":[{"href":"https:\/\/linitiative.ca\/International\/wp-json\/wp\/v2\/posts\/127591","targetHints":{"allow":["GET"]}}],"collection":[{"href":"https:\/\/linitiative.ca\/International\/wp-json\/wp\/v2\/posts"}],"about":[{"href":"https:\/\/linitiative.ca\/International\/wp-json\/wp\/v2\/types\/post"}],"author":[{"embeddable":true,"href":"https:\/\/linitiative.ca\/International\/wp-json\/wp\/v2\/users\/1763"}],"replies":[{"embeddable":true,"href":"https:\/\/linitiative.ca\/International\/wp-json\/wp\/v2\/comments?post=127591"}],"version-history":[{"count":0,"href":"https:\/\/linitiative.ca\/International\/wp-json\/wp\/v2\/posts\/127591\/revisions"}],"wp:attachment":[{"href":"https:\/\/linitiative.ca\/International\/wp-json\/wp\/v2\/media?parent=127591"}],"wp:term":[{"taxonomy":"category","embeddable":true,"href":"https:\/\/linitiative.ca\/International\/wp-json\/wp\/v2\/categories?post=127591"},{"taxonomy":"post_tag","embeddable":true,"href":"https:\/\/linitiative.ca\/International\/wp-json\/wp\/v2\/tags?post=127591"}],"curies":[{"name":"wp","href":"https:\/\/api.w.org\/{rel}","templated":true}]}}