{"id":127592,"date":"2021-09-20T10:54:47","date_gmt":"2021-09-20T14:54:47","guid":{"rendered":"https:\/\/linitiative.ca\/International\/anas-bouanani-rni-elu-maire-de-kenitra\/"},"modified":"2021-09-20T10:54:47","modified_gmt":"2021-09-20T14:54:47","slug":"anas-bouanani-rni-elu-maire-de-kenitra","status":"publish","type":"post","link":"https:\/\/linitiative.ca\/International\/anas-bouanani-rni-elu-maire-de-kenitra\/","title":{"rendered":"Anas Bouanani (RNI) \u00e9lu maire de K\u00e9nitra"},"content":{"rendered":"<div>\n<div class=\"field field-name-body field-type-text-with-summary field-label-hidden\">\n<div class=\"field-items\">\n<div class=\"field-item even\" property=\"content:encoded\">\n<p class=\"rtejustify\">Anas Bouanani, du Rassemblement national des ind\u00e9pendants (RNI), a \u00e9t\u00e9 \u00e9lu, lundi, pr\u00e9sident du Conseil communal de K\u00e9nitra, au cours d&rsquo;une s\u00e9ance de vote ayant rassembl\u00e9 51 des 61 nouveaux membres du Conseil. Seul candidat en lice pour succ\u00e9der \u00e0 Aziz Rabbah (PJD), Bouanani a obtenu\u00a033 voix, alors que 12 membres se sont abstenus. 6 votants ont vot\u00e9 contre.\u00a0Dix vice-pr\u00e9sidents ont \u00e9t\u00e9 aussi \u00e9lus lors de cette s\u00e9ance.<\/p>\n<\/div>\n<\/div>\n<\/div>\n<\/div>\n<p>Auteur: hgueye<br \/>\n<a href=\"https:\/\/www.leconomiste.com\/flash-infos\/anas-bouanani-rni-elu-maire-de-kenitra\">Cliquez ici pour lire l&rsquo;article depuis sa source.<\/a><\/p>\n","protected":false},"excerpt":{"rendered":"<p>Anas Bouanani, du Rassemblement national des ind\u00e9pendants (RNI), a \u00e9t\u00e9 \u00e9lu, lundi, pr\u00e9sident du Conseil communal de K\u00e9nitra, au cours d&rsquo;une s\u00e9ance de vote ayant rassembl\u00e9 51 des 61 nouveaux membres du Conseil. Seul candidat en lice pour succ\u00e9der \u00e0 Aziz Rabbah (PJD), Bouanani a obtenu\u00a033 voix, alors que 12 membres se sont abstenus. 6 [&hellip;]<\/p>\n","protected":false},"author":1763,"featured_media":0,"comment_status":"closed","ping_status":"closed","sticky":false,"template":"","format":"standard","meta":{"fifu_image_url":"","fifu_image_alt":"","footnotes":""},"categories":[78,54],"tags":[],"class_list":["post-127592","post","type-post","status-publish","format-standard","hentry","category-economie","category-maroc"],"_links":{"self":[{"href":"https:\/\/linitiative.ca\/International\/wp-json\/wp\/v2\/posts\/127592","targetHints":{"allow":["GET"]}}],"collection":[{"href":"https:\/\/linitiative.ca\/International\/wp-json\/wp\/v2\/posts"}],"about":[{"href":"https:\/\/linitiative.ca\/International\/wp-json\/wp\/v2\/types\/post"}],"author":[{"embeddable":true,"href":"https:\/\/linitiative.ca\/International\/wp-json\/wp\/v2\/users\/1763"}],"replies":[{"embeddable":true,"href":"https:\/\/linitiative.ca\/International\/wp-json\/wp\/v2\/comments?post=127592"}],"version-history":[{"count":0,"href":"https:\/\/linitiative.ca\/International\/wp-json\/wp\/v2\/posts\/127592\/revisions"}],"wp:attachment":[{"href":"https:\/\/linitiative.ca\/International\/wp-json\/wp\/v2\/media?parent=127592"}],"wp:term":[{"taxonomy":"category","embeddable":true,"href":"https:\/\/linitiative.ca\/International\/wp-json\/wp\/v2\/categories?post=127592"},{"taxonomy":"post_tag","embeddable":true,"href":"https:\/\/linitiative.ca\/International\/wp-json\/wp\/v2\/tags?post=127592"}],"curies":[{"name":"wp","href":"https:\/\/api.w.org\/{rel}","templated":true}]}}