{"id":127597,"date":"2021-09-20T03:26:00","date_gmt":"2021-09-20T07:26:00","guid":{"rendered":"https:\/\/linitiative.ca\/International\/psg-la-preuve-que-messi-na-vraiment-pas-apprecie-etre-remplace-face-a-lyon\/"},"modified":"2021-09-20T03:26:00","modified_gmt":"2021-09-20T07:26:00","slug":"psg-la-preuve-que-messi-na-vraiment-pas-apprecie-etre-remplace-face-a-lyon","status":"publish","type":"post","link":"https:\/\/linitiative.ca\/International\/psg-la-preuve-que-messi-na-vraiment-pas-apprecie-etre-remplace-face-a-lyon\/","title":{"rendered":"PSG : La preuve que Messi n&rsquo;a vraiment pas appr\u00e9ci\u00e9 \u00eatre remplac\u00e9 face \u00e0 Lyon"},"content":{"rendered":"<div>Si le PSG s&rsquo;est impos\u00e9 \u00e0 domicile face \u00e0 l&rsquo;Olympique Lyonnais (2-1), Lionel Messi a exprim\u00e9 son m\u00e9contentent au moment d&rsquo;\u00eatre remplac\u00e9 en seconde p\u00e9riode<img loading=\"lazy\" decoding=\"async\" src=\"http:\/\/feeds.feedburner.com\/~r\/GalerieFArtciles\/~4\/QncQUSsp5ak\" height=\"1\" width=\"1\" alt=\"\"><\/div>\n<p>Auteur:<br \/>\n<a href=\"http:\/\/www.lebuteur.com\/article\/detail?titre=psg-la-preuve-que-messi-na-vraiment-pas-apprecie-etre-remplace-face-a-lyon&#038;id=101130&#038;utm_source=feedburner&#038;utm_medium=feed&#038;utm_campaign=Feed%3A+GalerieFArtciles+%28Les+derniers+articles++-+lebuteur.com%29\">Cliquez ici pour lire l&rsquo;article depuis sa source.<\/a><\/p>\n","protected":false},"excerpt":{"rendered":"<p>Si le PSG s&rsquo;est impos\u00e9 \u00e0 domicile face \u00e0 l&rsquo;Olympique Lyonnais (2-1), Lionel Messi a exprim\u00e9 son m\u00e9contentent au moment d&rsquo;\u00eatre remplac\u00e9 en seconde p\u00e9riode Auteur: Cliquez ici pour lire l&rsquo;article depuis sa source.<\/p>\n","protected":false},"author":1738,"featured_media":0,"comment_status":"closed","ping_status":"closed","sticky":false,"template":"","format":"standard","meta":{"fifu_image_url":"http:\/\/feeds.feedburner.com\/~r\/GalerieFArtciles\/~4\/QncQUSsp5ak","fifu_image_alt":"<div>PSG : La preuve que Messi n'a vraiment pas appr\u00e9ci\u00e9 \u00eatre remplac\u00e9 face \u00e0 Lyon<\/div>","footnotes":""},"categories":[53,75],"tags":[],"class_list":["post-127597","post","type-post","status-publish","format-standard","hentry","category-algerie","category-sport"],"_links":{"self":[{"href":"https:\/\/linitiative.ca\/International\/wp-json\/wp\/v2\/posts\/127597","targetHints":{"allow":["GET"]}}],"collection":[{"href":"https:\/\/linitiative.ca\/International\/wp-json\/wp\/v2\/posts"}],"about":[{"href":"https:\/\/linitiative.ca\/International\/wp-json\/wp\/v2\/types\/post"}],"author":[{"embeddable":true,"href":"https:\/\/linitiative.ca\/International\/wp-json\/wp\/v2\/users\/1738"}],"replies":[{"embeddable":true,"href":"https:\/\/linitiative.ca\/International\/wp-json\/wp\/v2\/comments?post=127597"}],"version-history":[{"count":0,"href":"https:\/\/linitiative.ca\/International\/wp-json\/wp\/v2\/posts\/127597\/revisions"}],"wp:attachment":[{"href":"https:\/\/linitiative.ca\/International\/wp-json\/wp\/v2\/media?parent=127597"}],"wp:term":[{"taxonomy":"category","embeddable":true,"href":"https:\/\/linitiative.ca\/International\/wp-json\/wp\/v2\/categories?post=127597"},{"taxonomy":"post_tag","embeddable":true,"href":"https:\/\/linitiative.ca\/International\/wp-json\/wp\/v2\/tags?post=127597"}],"curies":[{"name":"wp","href":"https:\/\/api.w.org\/{rel}","templated":true}]}}