{"id":127605,"date":"2021-09-20T10:17:58","date_gmt":"2021-09-20T14:17:58","guid":{"rendered":"https:\/\/linitiative.ca\/International\/incendies-de-foret-lenquete-etendue-a-30-wilayas-touchees-71-suspects-arretes\/"},"modified":"2021-09-20T10:17:58","modified_gmt":"2021-09-20T14:17:58","slug":"incendies-de-foret-lenquete-etendue-a-30-wilayas-touchees-71-suspects-arretes","status":"publish","type":"post","link":"https:\/\/linitiative.ca\/International\/incendies-de-foret-lenquete-etendue-a-30-wilayas-touchees-71-suspects-arretes\/","title":{"rendered":"Incendies de for\u00eat : l\u2019enqu\u00eate \u00e9tendue \u00e0 30 wilayas touch\u00e9es, 71 suspects arr\u00eat\u00e9s"},"content":{"rendered":"<div>\n<div class=\"sriret\"><img loading=\"lazy\" decoding=\"async\" width=\"1500\" height=\"998\" src=\"https:\/\/linitiative.ca\/International\/wp-content\/uploads\/sites\/23\/2021\/09\/FEUX.gif\" class=\"attachment-featured_large size-featured_large wp-post-image\" alt=\"\" style=\"margin-bottom: 15px;\"><\/div>\n<p>Les enqu\u00eates de police judicaire sur les incendies de for\u00eat ont \u00e9t\u00e9 \u00e9largies \u00e0 30 wilayas touch\u00e9es et conduit \u00e0 l\u2019arrestation de 71 suspects pr\u00e9sent\u00e9s devant les juridictions comp\u00e9tentes, indique lundi 20 septembre un communiqu\u00e9 des services de la Gendarmerie nationale (GN).<\/p>\n<p>\u00ab\u00a0Les enqu\u00eates de police judiciaire diligent\u00e9es suite aux incendies enregistr\u00e9s r\u00e9cemment dans plusieurs r\u00e9gions du pays ont \u00e9t\u00e9 \u00e9tendues, sur instruction des juridictions comp\u00e9tentes, \u00e0 30 wilayas touch\u00e9es\u00a0\u00bb, pr\u00e9cise la m\u00eame source qui a fait \u00e9tat de la \u00ab\u00a0mobilisation de tous les moyens humains et mat\u00e9riels pour d\u00e9terminer l\u2019origine de ces incendies d\u00e9clench\u00e9s simultan\u00e9ment et d\u2019identifier les responsables\u00a0\u00bb. Les investigations approfondies men\u00e9es sur la base de preuves mat\u00e9rielles recueillies sur les lieux des incendies ont permis l\u2019arrestation de soixante-et-onze (71) suspects au niveau de 14 wilayas, r\u00e9partis sur : Tizi Ouzou (13), Jijel (11), Beja\u00efa (10), Guelma (8), Annaba (6), Alger (4), Blida (4), M\u00e9d\u00e9a (4), El Tarf (3), Skikda (3), Tipasa (2), Oum El Bouaghi (1), Chlef (1) et A\u00efn Defla (1). Apr\u00e8s la pr\u00e9sentation des suspects devant les juridictions comp\u00e9tentes, 47 individus ont \u00e9t\u00e9 plac\u00e9s en d\u00e9tention provisoire, dont 7 sous contr\u00f4le judiciaire, tandis que 9 autres restent sous enqu\u00eate, et 8 individus ont \u00e9t\u00e9 relax\u00e9s. Le Commandement de la Gendarmerie nationale a affirm\u00e9 \u00ab\u00a0son engagement total \u00e0 poursuivre sa noble mission dans la protection des personnes et des biens en toute circonstance et \u00e0 mette en \u00e9chec toute tentative douteuse visant \u00e0 porter atteinte \u00e0 la s\u00e9curit\u00e9 et \u00e0 l\u2019ordre public\u00a0\u00bb, pr\u00e9cise le communiqu\u00e9. La GN a salu\u00e9, dans ce sens, le haut sens de solidarit\u00e9 dont ont fait montre les citoyens, notamment avec les r\u00e9gions les plus touch\u00e9es par ces sinistres incendies, ajoutant que cette mobilisation spontan\u00e9e des citoyens, mus par un haut sens de responsabilit\u00e9 a permis d\u2019identifier les criminels et d\u2019\u00e9tablir l\u2019implication d\u2019organisations terroristes. La GN a affirm\u00e9, en outre, que \u00ab\u00a0les enqu\u00eates se poursuivent pour identifier toutes les parties impliqu\u00e9es\u00a0\u00bb, exhortant les citoyens \u00e0 \u00ab\u00a0participer efficacement \u00e0 la lutte contre les diff\u00e9rentes formes de crime, \u00e0 travers le signalement imm\u00e9diat de tout acte criminel ou toute atteinte \u00e0 l\u2019int\u00e9r\u00eat g\u00e9n\u00e9ral\u00a0\u00bb. Elle rappelle, \u00e0 cet effet, le num\u00e9ro vert 10.55 et le site de renseignements et de plainte (PPGN.MDN.DZ) mis \u00e0 la disposition des citoyens qui peuvent \u00e9galement solliciter l\u2019Unit\u00e9 de la Gendarmerie nationale la plus proche\u00a0\u00bb.<\/p>\n<p>L\u2019article <a rel=\"nofollow\" href=\"https:\/\/www.elwatan.com\/edition\/actualite\/incendies-de-foret-lenquete-etendue-a-30-wilayas-touchees-71-suspects-arretes-20-09-2021\">Incendies de for\u00eat : l\u2019enqu\u00eate \u00e9tendue \u00e0 30 wilayas touch\u00e9es, 71 suspects arr\u00eat\u00e9s<\/a> est apparu en premier sur <a rel=\"nofollow\" href=\"https:\/\/www.elwatan.com\/\">El Watan<\/a>.<\/p>\n<\/div>\n<p>Auteur: Mohand Yahiaoui<br \/>\n<a href=\"https:\/\/www.elwatan.com\/edition\/actualite\/incendies-de-foret-lenquete-etendue-a-30-wilayas-touchees-71-suspects-arretes-20-09-2021\">Cliquez ici pour lire l&rsquo;article depuis sa source.<\/a><\/p>\n","protected":false},"excerpt":{"rendered":"<p>Les enqu\u00eates de police judicaire sur les incendies de for\u00eat ont \u00e9t\u00e9 \u00e9largies \u00e0 30 wilayas touch\u00e9es et conduit \u00e0 l\u2019arrestation de 71 suspects pr\u00e9sent\u00e9s devant les juridictions comp\u00e9tentes, indique lundi 20 septembre un communiqu\u00e9 des services de la Gendarmerie nationale (GN). \u00ab\u00a0Les enqu\u00eates de police judiciaire diligent\u00e9es suite aux incendies enregistr\u00e9s r\u00e9cemment dans plusieurs [&hellip;]<\/p>\n","protected":false},"author":1743,"featured_media":0,"comment_status":"closed","ping_status":"closed","sticky":false,"template":"","format":"standard","meta":{"fifu_image_url":"https:\/\/www.elwatan.com\/wp-content\/uploads\/2021\/07\/FEUX.gif","fifu_image_alt":"Incendies de for\u00eat : l\u2019enqu\u00eate \u00e9tendue \u00e0 30 wilayas touch\u00e9es, 71 suspects arr\u00eat\u00e9s","footnotes":""},"categories":[73,53],"tags":[],"class_list":["post-127605","post","type-post","status-publish","format-standard","hentry","category-actualite","category-algerie"],"_links":{"self":[{"href":"https:\/\/linitiative.ca\/International\/wp-json\/wp\/v2\/posts\/127605","targetHints":{"allow":["GET"]}}],"collection":[{"href":"https:\/\/linitiative.ca\/International\/wp-json\/wp\/v2\/posts"}],"about":[{"href":"https:\/\/linitiative.ca\/International\/wp-json\/wp\/v2\/types\/post"}],"author":[{"embeddable":true,"href":"https:\/\/linitiative.ca\/International\/wp-json\/wp\/v2\/users\/1743"}],"replies":[{"embeddable":true,"href":"https:\/\/linitiative.ca\/International\/wp-json\/wp\/v2\/comments?post=127605"}],"version-history":[{"count":0,"href":"https:\/\/linitiative.ca\/International\/wp-json\/wp\/v2\/posts\/127605\/revisions"}],"wp:attachment":[{"href":"https:\/\/linitiative.ca\/International\/wp-json\/wp\/v2\/media?parent=127605"}],"wp:term":[{"taxonomy":"category","embeddable":true,"href":"https:\/\/linitiative.ca\/International\/wp-json\/wp\/v2\/categories?post=127605"},{"taxonomy":"post_tag","embeddable":true,"href":"https:\/\/linitiative.ca\/International\/wp-json\/wp\/v2\/tags?post=127605"}],"curies":[{"name":"wp","href":"https:\/\/api.w.org\/{rel}","templated":true}]}}