{"id":127621,"date":"2021-09-20T06:00:00","date_gmt":"2021-09-20T10:00:00","guid":{"rendered":"https:\/\/linitiative.ca\/International\/les-passagers-prives-de-spacex-de-retour-sur-terre\/"},"modified":"2021-09-20T06:00:00","modified_gmt":"2021-09-20T10:00:00","slug":"les-passagers-prives-de-spacex-de-retour-sur-terre","status":"publish","type":"post","link":"https:\/\/linitiative.ca\/International\/les-passagers-prives-de-spacex-de-retour-sur-terre\/","title":{"rendered":"Les passagers priv\u00e9s de SpaceX de retour sur Terre"},"content":{"rendered":"<div>Les quatre premiers touristes spatiaux de SpaceX ont regagn\u00e9 la Terre samedi soir apr\u00e8s avoir pass\u00e9 trois jours dans l&rsquo;espace, couronnant de succ\u00e8s la premi\u00e8re mission orbitale de l&rsquo;histoire n&rsquo;ayant comport\u00e9 aucun<\/div>\n<p>Auteur:<br \/>\n<a href=\"https:\/\/www.lesoirdalgerie.com\/monde\/les-passagers-prives-de-spacex-de-retour-sur-terre-67705\">Cliquez ici pour lire l&rsquo;article depuis sa source.<\/a><\/p>\n","protected":false},"excerpt":{"rendered":"<p>Les quatre premiers touristes spatiaux de SpaceX ont regagn\u00e9 la Terre samedi soir apr\u00e8s avoir pass\u00e9 trois jours dans l&rsquo;espace, couronnant de succ\u00e8s la premi\u00e8re mission orbitale de l&rsquo;histoire n&rsquo;ayant comport\u00e9 aucun Auteur: Cliquez ici pour lire l&rsquo;article depuis sa source.<\/p>\n","protected":false},"author":1741,"featured_media":0,"comment_status":"closed","ping_status":"closed","sticky":false,"template":"","format":"standard","meta":{"fifu_image_url":"","fifu_image_alt":"","footnotes":""},"categories":[73,53],"tags":[],"class_list":["post-127621","post","type-post","status-publish","format-standard","hentry","category-actualite","category-algerie"],"_links":{"self":[{"href":"https:\/\/linitiative.ca\/International\/wp-json\/wp\/v2\/posts\/127621","targetHints":{"allow":["GET"]}}],"collection":[{"href":"https:\/\/linitiative.ca\/International\/wp-json\/wp\/v2\/posts"}],"about":[{"href":"https:\/\/linitiative.ca\/International\/wp-json\/wp\/v2\/types\/post"}],"author":[{"embeddable":true,"href":"https:\/\/linitiative.ca\/International\/wp-json\/wp\/v2\/users\/1741"}],"replies":[{"embeddable":true,"href":"https:\/\/linitiative.ca\/International\/wp-json\/wp\/v2\/comments?post=127621"}],"version-history":[{"count":0,"href":"https:\/\/linitiative.ca\/International\/wp-json\/wp\/v2\/posts\/127621\/revisions"}],"wp:attachment":[{"href":"https:\/\/linitiative.ca\/International\/wp-json\/wp\/v2\/media?parent=127621"}],"wp:term":[{"taxonomy":"category","embeddable":true,"href":"https:\/\/linitiative.ca\/International\/wp-json\/wp\/v2\/categories?post=127621"},{"taxonomy":"post_tag","embeddable":true,"href":"https:\/\/linitiative.ca\/International\/wp-json\/wp\/v2\/tags?post=127621"}],"curies":[{"name":"wp","href":"https:\/\/api.w.org\/{rel}","templated":true}]}}