{"id":127623,"date":"2021-09-20T06:00:00","date_gmt":"2021-09-20T10:00:00","guid":{"rendered":"https:\/\/linitiative.ca\/International\/maladie-eradiquee\/"},"modified":"2021-09-20T06:00:00","modified_gmt":"2021-09-20T10:00:00","slug":"maladie-eradiquee","status":"publish","type":"post","link":"https:\/\/linitiative.ca\/International\/maladie-eradiquee\/","title":{"rendered":"Maladie \u00e9radiqu\u00e9e"},"content":{"rendered":"<div>L\u2019Alg\u00e9rie vient de d\u00e9cider de la suppression de la vaccination de la polio des nouveaux-n\u00e9s. Le minist\u00e8re de la Sant\u00e9 explique que la vaccination contre la polio n&rsquo;est plus justifi\u00e9e dans notre pays qui a obtenu le certificat<\/div>\n<p>Auteur:<br \/>\n<a href=\"https:\/\/www.lesoirdalgerie.com\/periscoop\/maladie-eradiquee-67703\">Cliquez ici pour lire l&rsquo;article depuis sa source.<\/a><\/p>\n","protected":false},"excerpt":{"rendered":"<p>L\u2019Alg\u00e9rie vient de d\u00e9cider de la suppression de la vaccination de la polio des nouveaux-n\u00e9s. Le minist\u00e8re de la Sant\u00e9 explique que la vaccination contre la polio n&rsquo;est plus justifi\u00e9e dans notre pays qui a obtenu le certificat Auteur: Cliquez ici pour lire l&rsquo;article depuis sa source.<\/p>\n","protected":false},"author":1741,"featured_media":0,"comment_status":"closed","ping_status":"closed","sticky":false,"template":"","format":"standard","meta":{"fifu_image_url":"","fifu_image_alt":"","footnotes":""},"categories":[73,53],"tags":[],"class_list":["post-127623","post","type-post","status-publish","format-standard","hentry","category-actualite","category-algerie"],"_links":{"self":[{"href":"https:\/\/linitiative.ca\/International\/wp-json\/wp\/v2\/posts\/127623","targetHints":{"allow":["GET"]}}],"collection":[{"href":"https:\/\/linitiative.ca\/International\/wp-json\/wp\/v2\/posts"}],"about":[{"href":"https:\/\/linitiative.ca\/International\/wp-json\/wp\/v2\/types\/post"}],"author":[{"embeddable":true,"href":"https:\/\/linitiative.ca\/International\/wp-json\/wp\/v2\/users\/1741"}],"replies":[{"embeddable":true,"href":"https:\/\/linitiative.ca\/International\/wp-json\/wp\/v2\/comments?post=127623"}],"version-history":[{"count":0,"href":"https:\/\/linitiative.ca\/International\/wp-json\/wp\/v2\/posts\/127623\/revisions"}],"wp:attachment":[{"href":"https:\/\/linitiative.ca\/International\/wp-json\/wp\/v2\/media?parent=127623"}],"wp:term":[{"taxonomy":"category","embeddable":true,"href":"https:\/\/linitiative.ca\/International\/wp-json\/wp\/v2\/categories?post=127623"},{"taxonomy":"post_tag","embeddable":true,"href":"https:\/\/linitiative.ca\/International\/wp-json\/wp\/v2\/tags?post=127623"}],"curies":[{"name":"wp","href":"https:\/\/api.w.org\/{rel}","templated":true}]}}