{"id":127626,"date":"2021-09-20T08:07:40","date_gmt":"2021-09-20T12:07:40","guid":{"rendered":"https:\/\/linitiative.ca\/International\/covid-19-la-vague-liee-au-variant-delta-en-phase-descendante\/"},"modified":"2021-09-20T08:07:40","modified_gmt":"2021-09-20T12:07:40","slug":"covid-19-la-vague-liee-au-variant-delta-en-phase-descendante","status":"publish","type":"post","link":"https:\/\/linitiative.ca\/International\/covid-19-la-vague-liee-au-variant-delta-en-phase-descendante\/","title":{"rendered":"Covid-19. La vague li\u00e9e au variant Delta en phase descendante"},"content":{"rendered":"<div><img decoding=\"async\" width=\"1170\" height=\"540\" src=\"https:\/\/linitiative.ca\/International\/wp-content\/uploads\/sites\/23\/2021\/09\/WhatsApp-Image-2020-06-04-at-23.16.54.jpeg\" class=\"attachment-post-thumbnail size-post-thumbnail wp-post-image\" alt=\"\" loading=\"lazy\" srcset=\"https:\/\/linitiative.ca\/International\/wp-content\/uploads\/sites\/23\/2021\/09\/WhatsApp-Image-2020-06-04-at-23.16.54.jpeg 1170w, https:\/\/www.challenge.ma\/wp-content\/uploads\/2020\/06\/WhatsApp-Image-2020-06-04-at-23.16.54-300x138.jpeg 300w, https:\/\/www.challenge.ma\/wp-content\/uploads\/2020\/06\/WhatsApp-Image-2020-06-04-at-23.16.54-768x354.jpeg 768w, https:\/\/www.challenge.ma\/wp-content\/uploads\/2020\/06\/WhatsApp-Image-2020-06-04-at-23.16.54-1024x473.jpeg 1024w, https:\/\/www.challenge.ma\/wp-content\/uploads\/2020\/06\/WhatsApp-Image-2020-06-04-at-23.16.54-360x166.jpeg 360w, https:\/\/www.challenge.ma\/wp-content\/uploads\/2020\/06\/WhatsApp-Image-2020-06-04-at-23.16.54-750x346.jpeg 750w\" sizes=\"auto, (max-width: 1170px) 100vw, 1170px\" itemprop=\"image\">La vague actuelle li\u00e9e au variant Delta est en phase descendante depuis cinq semaines, a indiqu\u00e9 le coordonnateur du Centre national des op\u00e9rations d\u2019urgence de sant\u00e9 publique au minist\u00e8re de la Sant\u00e9, Mouad Merabet.\u00ab\u00a0Sauf surprise, l\u2019am\u00e9lioration continuera la semaine prochaine\u00a0\u00bb, a soulign\u00e9 Mouad Merabet sur son compte LinkedIn dans un<\/div>\n<p>Auteur: challenge<br \/>\n<a href=\"https:\/\/www.challenge.ma\/covid-19-la-vague-liee-au-variant-delta-en-phase-descendante-221313\/\">Cliquez ici pour lire l&rsquo;article depuis sa source.<\/a><\/p>\n","protected":false},"excerpt":{"rendered":"<p>La vague actuelle li\u00e9e au variant Delta est en phase descendante depuis cinq semaines, a indiqu\u00e9 le coordonnateur du Centre national des op\u00e9rations d\u2019urgence de sant\u00e9 publique au minist\u00e8re de la Sant\u00e9, Mouad Merabet.\u00ab\u00a0Sauf surprise, l\u2019am\u00e9lioration continuera la semaine prochaine\u00a0\u00bb, a soulign\u00e9 Mouad Merabet sur son compte LinkedIn dans un Auteur: challenge Cliquez ici pour [&hellip;]<\/p>\n","protected":false},"author":1787,"featured_media":0,"comment_status":"closed","ping_status":"closed","sticky":false,"template":"","format":"standard","meta":{"fifu_image_url":"https:\/\/www.challenge.ma\/wp-content\/uploads\/2020\/06\/WhatsApp-Image-2020-06-04-at-23.16.54.jpeg","fifu_image_alt":"Covid-19. La vague li\u00e9e au variant Delta en phase descendante","footnotes":""},"categories":[78,54],"tags":[],"class_list":["post-127626","post","type-post","status-publish","format-standard","hentry","category-economie","category-maroc"],"_links":{"self":[{"href":"https:\/\/linitiative.ca\/International\/wp-json\/wp\/v2\/posts\/127626","targetHints":{"allow":["GET"]}}],"collection":[{"href":"https:\/\/linitiative.ca\/International\/wp-json\/wp\/v2\/posts"}],"about":[{"href":"https:\/\/linitiative.ca\/International\/wp-json\/wp\/v2\/types\/post"}],"author":[{"embeddable":true,"href":"https:\/\/linitiative.ca\/International\/wp-json\/wp\/v2\/users\/1787"}],"replies":[{"embeddable":true,"href":"https:\/\/linitiative.ca\/International\/wp-json\/wp\/v2\/comments?post=127626"}],"version-history":[{"count":0,"href":"https:\/\/linitiative.ca\/International\/wp-json\/wp\/v2\/posts\/127626\/revisions"}],"wp:attachment":[{"href":"https:\/\/linitiative.ca\/International\/wp-json\/wp\/v2\/media?parent=127626"}],"wp:term":[{"taxonomy":"category","embeddable":true,"href":"https:\/\/linitiative.ca\/International\/wp-json\/wp\/v2\/categories?post=127626"},{"taxonomy":"post_tag","embeddable":true,"href":"https:\/\/linitiative.ca\/International\/wp-json\/wp\/v2\/tags?post=127626"}],"curies":[{"name":"wp","href":"https:\/\/api.w.org\/{rel}","templated":true}]}}