{"id":127631,"date":"2021-09-20T15:17:05","date_gmt":"2021-09-20T19:17:05","guid":{"rendered":"https:\/\/linitiative.ca\/International\/urgent-sidi-bouzid-le-president-de-la-republique-sadressera-au-peuple-tunisien-dans-quelques-minutes\/"},"modified":"2021-09-20T15:17:05","modified_gmt":"2021-09-20T19:17:05","slug":"urgent-sidi-bouzid-le-president-de-la-republique-sadressera-au-peuple-tunisien-dans-quelques-minutes","status":"publish","type":"post","link":"https:\/\/linitiative.ca\/International\/urgent-sidi-bouzid-le-president-de-la-republique-sadressera-au-peuple-tunisien-dans-quelques-minutes\/","title":{"rendered":"URGENT-Sidi Bouzid: Le pr\u00e9sident de la R\u00e9publique s\u2019adressera au peuple Tunisien dans quelques minutes"},"content":{"rendered":"<div>\n<p>La T\u00e9l\u00e9vision Nationale a annonc\u00e9, il y\u2019a quelques instants, que le pr\u00e9sident Kais Saied s\u2019adressera au peuple Tunisien depuis Sidi Bouzid.<\/p>\n<p>L\u2019article <a href=\"https:\/\/www.tunisienumerique.com\/urgent-sidi-bouzid-le-president-de-la-republique-sadressera-au-peuple-tunisien-dans-quelques-minutes\/\">URGENT-Sidi Bouzid: Le pr\u00e9sident de la R\u00e9publique s\u2019adressera au peuple Tunisien dans quelques minutes<\/a> est apparu en premier sur <a href=\"https:\/\/www.tunisienumerique.com\/\">Tunisie<\/a>.<\/p>\n<\/div>\n<p>Auteur: rania ben slimane<br \/>\n<a href=\"https:\/\/www.tunisienumerique.com\/urgent-sidi-bouzid-le-president-de-la-republique-sadressera-au-peuple-tunisien-dans-quelques-minutes\/\">Cliquez ici pour lire l&rsquo;article depuis sa source.<\/a><\/p>\n","protected":false},"excerpt":{"rendered":"<p>La T\u00e9l\u00e9vision Nationale a annonc\u00e9, il y\u2019a quelques instants, que le pr\u00e9sident Kais Saied s\u2019adressera au peuple Tunisien depuis Sidi Bouzid. L\u2019article URGENT-Sidi Bouzid: Le pr\u00e9sident de la R\u00e9publique s\u2019adressera au peuple Tunisien dans quelques minutes est apparu en premier sur Tunisie. Auteur: rania ben slimane Cliquez ici pour lire l&rsquo;article depuis sa source.<\/p>\n","protected":false},"author":1789,"featured_media":0,"comment_status":"closed","ping_status":"closed","sticky":false,"template":"","format":"standard","meta":{"fifu_image_url":"","fifu_image_alt":"","footnotes":""},"categories":[73,55],"tags":[],"class_list":["post-127631","post","type-post","status-publish","format-standard","hentry","category-actualite","category-tunisie"],"_links":{"self":[{"href":"https:\/\/linitiative.ca\/International\/wp-json\/wp\/v2\/posts\/127631","targetHints":{"allow":["GET"]}}],"collection":[{"href":"https:\/\/linitiative.ca\/International\/wp-json\/wp\/v2\/posts"}],"about":[{"href":"https:\/\/linitiative.ca\/International\/wp-json\/wp\/v2\/types\/post"}],"author":[{"embeddable":true,"href":"https:\/\/linitiative.ca\/International\/wp-json\/wp\/v2\/users\/1789"}],"replies":[{"embeddable":true,"href":"https:\/\/linitiative.ca\/International\/wp-json\/wp\/v2\/comments?post=127631"}],"version-history":[{"count":0,"href":"https:\/\/linitiative.ca\/International\/wp-json\/wp\/v2\/posts\/127631\/revisions"}],"wp:attachment":[{"href":"https:\/\/linitiative.ca\/International\/wp-json\/wp\/v2\/media?parent=127631"}],"wp:term":[{"taxonomy":"category","embeddable":true,"href":"https:\/\/linitiative.ca\/International\/wp-json\/wp\/v2\/categories?post=127631"},{"taxonomy":"post_tag","embeddable":true,"href":"https:\/\/linitiative.ca\/International\/wp-json\/wp\/v2\/tags?post=127631"}],"curies":[{"name":"wp","href":"https:\/\/api.w.org\/{rel}","templated":true}]}}