{"id":127639,"date":"2021-09-20T16:54:14","date_gmt":"2021-09-20T20:54:14","guid":{"rendered":"https:\/\/linitiative.ca\/International\/tournee-de-florence-parly-au-sahel-quest-ce-qui-fait-tant-courir-la-france\/"},"modified":"2021-09-20T16:54:14","modified_gmt":"2021-09-20T20:54:14","slug":"tournee-de-florence-parly-au-sahel-quest-ce-qui-fait-tant-courir-la-france","status":"publish","type":"post","link":"https:\/\/linitiative.ca\/International\/tournee-de-florence-parly-au-sahel-quest-ce-qui-fait-tant-courir-la-france\/","title":{"rendered":"TOURNEE DE FLORENCE PARLY AU SAHEL : Qu\u2019est-ce qui fait tant courir la France ?"},"content":{"rendered":"<div>\n<p><img decoding=\"async\" width=\"1024\" height=\"578\" src=\"https:\/\/linitiative.ca\/International\/wp-content\/uploads\/sites\/23\/2021\/09\/rfi_15728925626298.jpg\" class=\"attachment- size- wp-post-image\" alt=\"\" loading=\"lazy\" style=\"float:left; margin:0 15px 15px 0;\" srcset=\"https:\/\/linitiative.ca\/International\/wp-content\/uploads\/sites\/23\/2021\/09\/rfi_15728925626298.jpg 1024w, https:\/\/lepays.bf\/wp-content\/uploads\/2021\/09\/rfi_15728925626298-300x169.jpg 300w, https:\/\/lepays.bf\/wp-content\/uploads\/2021\/09\/rfi_15728925626298-768x434.jpg 768w, https:\/\/lepays.bf\/wp-content\/uploads\/2021\/09\/rfi_15728925626298-390x220.jpg 390w\" sizes=\"auto, (max-width: 1024px) 100vw, 1024px\">En tourn\u00e9e au Sahel le week-end dernier, la ministre fran\u00e7aise des Arm\u00e9es, Florence Parly, s\u2019est rendue successivement \u00e0 Niamey et \u00e0 Bamako, le 19 septembre dernier. Objectif\u00a0: la r\u00e9organisation en cours de l\u2019op\u00e9ration Barkhane dont le d\u00e9part des bases maliennes de Kidal, Tessalit et Tombouctou, a commenc\u00e9 au moment o\u00f9 la base a\u00e9rienne projet\u00e9e fran\u00e7aise \u2026<\/p>\n<p>L\u2019article <a rel=\"nofollow\" href=\"https:\/\/lepays.bf\/tournee-de-florence-parly-au-sahel-quest-ce-qui-fait-tant-courir-la-france\/\">TOURNEE DE FLORENCE PARLY AU SAHEL : Qu\u2019est-ce qui fait tant courir la France ?<\/a> est apparu en premier sur <a rel=\"nofollow\" href=\"https:\/\/lepays.bf\/\">Editions Le Pays<\/a>.<\/p>\n<\/div>\n<p>Auteur: Editions LEPAYS<br \/>\n<a href=\"https:\/\/lepays.bf\/tournee-de-florence-parly-au-sahel-quest-ce-qui-fait-tant-courir-la-france\/\">Cliquez ici pour lire l&rsquo;article depuis sa source.<\/a><\/p>\n","protected":false},"excerpt":{"rendered":"<p>En tourn\u00e9e au Sahel le week-end dernier, la ministre fran\u00e7aise des Arm\u00e9es, Florence Parly, s\u2019est rendue successivement \u00e0 Niamey et \u00e0 Bamako, le 19 septembre dernier. Objectif\u00a0: la r\u00e9organisation en cours de l\u2019op\u00e9ration Barkhane dont le d\u00e9part des bases maliennes de Kidal, Tessalit et Tombouctou, a commenc\u00e9 au moment o\u00f9 la base a\u00e9rienne projet\u00e9e fran\u00e7aise [&hellip;]<\/p>\n","protected":false},"author":1813,"featured_media":0,"comment_status":"closed","ping_status":"closed","sticky":false,"template":"","format":"standard","meta":{"fifu_image_url":"https:\/\/lepays.bf\/wp-content\/uploads\/2021\/09\/rfi_15728925626298.jpg","fifu_image_alt":"TOURNEE DE FLORENCE PARLY AU SAHEL : Qu\u2019est-ce qui fait tant courir la France ?","footnotes":""},"categories":[73,81],"tags":[],"class_list":["post-127639","post","type-post","status-publish","format-standard","hentry","category-actualite","category-burkina-faso"],"_links":{"self":[{"href":"https:\/\/linitiative.ca\/International\/wp-json\/wp\/v2\/posts\/127639","targetHints":{"allow":["GET"]}}],"collection":[{"href":"https:\/\/linitiative.ca\/International\/wp-json\/wp\/v2\/posts"}],"about":[{"href":"https:\/\/linitiative.ca\/International\/wp-json\/wp\/v2\/types\/post"}],"author":[{"embeddable":true,"href":"https:\/\/linitiative.ca\/International\/wp-json\/wp\/v2\/users\/1813"}],"replies":[{"embeddable":true,"href":"https:\/\/linitiative.ca\/International\/wp-json\/wp\/v2\/comments?post=127639"}],"version-history":[{"count":0,"href":"https:\/\/linitiative.ca\/International\/wp-json\/wp\/v2\/posts\/127639\/revisions"}],"wp:attachment":[{"href":"https:\/\/linitiative.ca\/International\/wp-json\/wp\/v2\/media?parent=127639"}],"wp:term":[{"taxonomy":"category","embeddable":true,"href":"https:\/\/linitiative.ca\/International\/wp-json\/wp\/v2\/categories?post=127639"},{"taxonomy":"post_tag","embeddable":true,"href":"https:\/\/linitiative.ca\/International\/wp-json\/wp\/v2\/tags?post=127639"}],"curies":[{"name":"wp","href":"https:\/\/api.w.org\/{rel}","templated":true}]}}