{"id":127642,"date":"2021-09-20T16:27:26","date_gmt":"2021-09-20T20:27:26","guid":{"rendered":"https:\/\/linitiative.ca\/International\/reponse-humanitaire-la-dg-de-oxfam-france-cecile-duflot-recue-a-la-primature\/"},"modified":"2021-09-20T16:27:26","modified_gmt":"2021-09-20T20:27:26","slug":"reponse-humanitaire-la-dg-de-oxfam-france-cecile-duflot-recue-a-la-primature","status":"publish","type":"post","link":"https:\/\/linitiative.ca\/International\/reponse-humanitaire-la-dg-de-oxfam-france-cecile-duflot-recue-a-la-primature\/","title":{"rendered":"R\u00e9ponse humanitaire  : la DG de Oxfam-France, C\u00e9cile Duflot re\u00e7ue \u00e0 la Primature"},"content":{"rendered":"<div>\n<p><strong>Le Premier ministre, Christophe Joseph Marie Dabir\u00e9, a accord\u00e9 une audience \u00e0 la Directrice g\u00e9n\u00e9rale d\u2019Oxfam, C\u00e9cile Duflot, le lundi 20 septembre 2021, \u00e0 la Primature.<\/strong><\/p>\n<p>En visite de travail au Burkina Faso, la Directrice g\u00e9n\u00e9rale d\u2019Oxfam-France, C\u00e9cile Duflot, a eu une s\u00e9ance d\u2019\u00e9changes avec le Premier ministre, Christophe Joseph Marie Dabir\u00e9. Re\u00e7ue en audience le lundi 20 septembre 2021 \u00e0 la Primature, C\u00e9cile Duflot a parl\u00e9 avec le chef du gouvernement, des diff\u00e9rents projets que son ONG d\u00e9roule au Burkina Faso. \u00ab Je suis venue rendre visite \u00e0 mes coll\u00e8gues d\u2019Oxfam-Burkina qui travaillent pour les populations burkinab\u00e8 et en lien avec le gouvernement \u00e0 la fois pour la r\u00e9ponse humanitaire, mais aussi pour les communaut\u00e9s locales.<\/p>\n<p>On a \u00e9chang\u00e9 sur l\u2019ensemble de ces projets, sur la coordination n\u00e9cessaire des actions des ONG \u00bb, a-t-elle d\u00e9clar\u00e9 \u00e0 sa sortie d\u2019audience. Elle a pr\u00e9cis\u00e9 que les projets ex\u00e9cut\u00e9s au Burkina Faso sont dans le domaine humanitaire, le leadership f\u00e9minin et sur la cha\u00eene des valeurs. Sur ce dernier point, C\u00e9cile Duflot a soulign\u00e9 que Oxfam contribue \u00e0 la r\u00e9silience \u00e9conomique des populations par des actions qui \u00e9manent d\u2019elles et qui respectent leur dignit\u00e9. \u00ab Nous sommes une ONG certes, mais nous pensons qu\u2019il est tout \u00e0 fait normal d\u2019avoir des \u00e9changes avec les institutions puisque c\u2019est elles qui ont en charge la constitution des services publics n\u00e9cessaires \u00e0 toutes les populations. Notre intervention se fait en compl\u00e9ment dans un bon \u00e9tat d\u2019esprit \u00bb, a dit la patronne d\u2019Oxfam-France.<\/p>\n<p style=\"text-align: right\"><strong> Gaspard BAYALA<\/strong><\/p>\n<p>L\u2019article <a rel=\"nofollow\" href=\"https:\/\/www.sidwaya.info\/blog\/2021\/09\/20\/reponse-humanitaire-la-dg-de-oxfam-france-cecile-duflot-recue-a-la-primature\/\">R\u00e9ponse humanitaire  : la DG de Oxfam-France, C\u00e9cile Duflot re\u00e7ue \u00e0 la Primature<\/a> est apparu en premier sur <a rel=\"nofollow\" href=\"https:\/\/www.sidwaya.info\/\">Quotidien Sidwaya<\/a>.<\/p>\n<\/div>\n<p>Auteur: BM. Sidwaya<br \/>\n<a href=\"https:\/\/www.sidwaya.info\/blog\/2021\/09\/20\/reponse-humanitaire-la-dg-de-oxfam-france-cecile-duflot-recue-a-la-primature\/\">Cliquez ici pour lire l&rsquo;article depuis sa source.<\/a><\/p>\n","protected":false},"excerpt":{"rendered":"<p>Le Premier ministre, Christophe Joseph Marie Dabir\u00e9, a accord\u00e9 une audience \u00e0 la Directrice g\u00e9n\u00e9rale d\u2019Oxfam, C\u00e9cile Duflot, le lundi 20 septembre 2021, \u00e0 la Primature. En visite de travail au Burkina Faso, la Directrice g\u00e9n\u00e9rale d\u2019Oxfam-France, C\u00e9cile Duflot, a eu une s\u00e9ance d\u2019\u00e9changes avec le Premier ministre, Christophe Joseph Marie Dabir\u00e9. Re\u00e7ue en audience [&hellip;]<\/p>\n","protected":false},"author":1816,"featured_media":0,"comment_status":"closed","ping_status":"closed","sticky":false,"template":"","format":"standard","meta":{"fifu_image_url":"","fifu_image_alt":"","footnotes":""},"categories":[73,81],"tags":[],"class_list":["post-127642","post","type-post","status-publish","format-standard","hentry","category-actualite","category-burkina-faso"],"_links":{"self":[{"href":"https:\/\/linitiative.ca\/International\/wp-json\/wp\/v2\/posts\/127642","targetHints":{"allow":["GET"]}}],"collection":[{"href":"https:\/\/linitiative.ca\/International\/wp-json\/wp\/v2\/posts"}],"about":[{"href":"https:\/\/linitiative.ca\/International\/wp-json\/wp\/v2\/types\/post"}],"author":[{"embeddable":true,"href":"https:\/\/linitiative.ca\/International\/wp-json\/wp\/v2\/users\/1816"}],"replies":[{"embeddable":true,"href":"https:\/\/linitiative.ca\/International\/wp-json\/wp\/v2\/comments?post=127642"}],"version-history":[{"count":0,"href":"https:\/\/linitiative.ca\/International\/wp-json\/wp\/v2\/posts\/127642\/revisions"}],"wp:attachment":[{"href":"https:\/\/linitiative.ca\/International\/wp-json\/wp\/v2\/media?parent=127642"}],"wp:term":[{"taxonomy":"category","embeddable":true,"href":"https:\/\/linitiative.ca\/International\/wp-json\/wp\/v2\/categories?post=127642"},{"taxonomy":"post_tag","embeddable":true,"href":"https:\/\/linitiative.ca\/International\/wp-json\/wp\/v2\/tags?post=127642"}],"curies":[{"name":"wp","href":"https:\/\/api.w.org\/{rel}","templated":true}]}}