{"id":127646,"date":"2021-09-20T17:24:42","date_gmt":"2021-09-20T21:24:42","guid":{"rendered":"https:\/\/linitiative.ca\/International\/service-national-pour-le-developpement-les-appeles-de-la-73e-promotion-aptes-a-sauto-employer\/"},"modified":"2021-09-20T17:24:42","modified_gmt":"2021-09-20T21:24:42","slug":"service-national-pour-le-developpement-les-appeles-de-la-73e-promotion-aptes-a-sauto-employer","status":"publish","type":"post","link":"https:\/\/linitiative.ca\/International\/service-national-pour-le-developpement-les-appeles-de-la-73e-promotion-aptes-a-sauto-employer\/","title":{"rendered":"Service national pour le d\u00e9veloppement  : les appel\u00e9s de la 73e promotion aptes  \u00e0 s\u2019auto-employer"},"content":{"rendered":"<div>\n<p><strong>Le Service national pour le d\u00e9veloppement (SND) a organis\u00e9 la sortie officielle de la 73e promotion, e vendredi 17 septembre 2021 \u00e0 Badala (D\u00e9dougou). 438 jeunes appel\u00e9s issus des centres de formation professionnelle de Badala et de Loumbila composent cette 73e promotion.<\/strong><\/p>\n<p>Apr\u00e8s avoir pass\u00e9 12 mois dans les centres de formation professionnelle du Service national pour le d\u00e9veloppement (SND), les appel\u00e9s de la 73e promotion ont \u00e9t\u00e9 d\u00e9mobilis\u00e9s le vendredi 17 septembre 2021 \u00e0 Badala dans la province du Mouhoun. Au nombre de 438, ils ont \u00e9t\u00e9 form\u00e9s en ma\u00e7onnerie, en m\u00e9canique cyclomoteur, en menuiserie bois, en menuiserie m\u00e9tallique, en \u00e9lectricit\u00e9 b\u00e2timent et en s\u00e9curit\u00e9 priv\u00e9e. En plus de ces m\u00e9tiers, les appel\u00e9s de la 73e promotion ont b\u00e9n\u00e9fici\u00e9 d\u2019une formation de base en discipline militaire de 30 jours, d\u2019une formation civique et patriotique. Ils ont \u00e9galement re\u00e7u des cours sur l\u2019hygi\u00e8ne, l\u2019entrepreneuriat, le secourisme, la protection de l\u2019environnement, les IST et le VIH\/SIDA, le code de la route et sur la pr\u00e9vention et la s\u00e9curit\u00e9 routi\u00e8re.<\/p>\n<figure id=\"attachment_39813\" aria-describedby=\"caption-attachment-39813\" style=\"width: 300px\" class=\"wp-caption alignleft\"><img decoding=\"async\" loading=\"lazy\" class=\"wp-image-39813 size-medium\" src=\"https:\/\/linitiative.ca\/International\/wp-content\/uploads\/sites\/23\/2021\/09\/1-48-300x158-1.jpg\" alt=\"\" width=\"300\" height=\"158\" srcset=\"https:\/\/linitiative.ca\/International\/wp-content\/uploads\/sites\/23\/2021\/09\/1-48-300x158-1.jpg 300w, https:\/\/www.sidwaya.info\/wp-content\/uploads\/2021\/09\/1-48-150x79.jpg 150w, https:\/\/www.sidwaya.info\/wp-content\/uploads\/2021\/09\/1-48.jpg 595w\" sizes=\"auto, (max-width: 300px) 100vw, 300px\"><figcaption id=\"caption-attachment-39813\" class=\"wp-caption-text\">Des kits d\u2019installation ont \u00e9t\u00e9 remis \u00e0 certains appel\u00e9s.<\/figcaption><\/figure>\n<p>En outre, tous les appel\u00e9s de cette promotion sont d\u00e9tenteurs d\u2019un permis de conduire cat\u00e9gorie C. \u00ab\u00a0 Toutes ces connaissances et aptitudes feront de nous des citoyens avertis, responsables et nous en sommes ravis\u00a0\u00bb, a d\u00e9clar\u00e9 le d\u00e9l\u00e9gu\u00e9 de la promotion, Zouli Albert Djiguemd\u00e9. Malgr\u00e9 un taux de r\u00e9ussite de 100% au Certificat de qualification professionnelle (CQP) et au Brevet de qualification professionnelle (BQP), il a relev\u00e9 quelques insuffisances rencontr\u00e9es lors de leur formation. Il s\u2019agit entre autres, de l\u2019insuffisance de mati\u00e8re d\u2019\u0153uvre pour les travaux pratiques, le manque de motocyclettes \u00e0 injection comme sujet d\u2019apprentissage et l\u2019insuffisance du nombre de postes \u00e0 souder au niveau de la menuiserie m\u00e9tallique.<\/p>\n<h1 style=\"text-align: center\"><strong>Des Kits du PM aux majors <\/strong><\/h1>\n<h1 style=\"text-align: center\"><strong>des diff\u00e9rentes fili\u00e8res<\/strong><\/h1>\n<p>Selon le directeur g\u00e9n\u00e9ral du SND, l\u2019Intendant Colonel-Major, Mathieu B. Benao, les centres de formation professionnelle du SND visent non seulement le d\u00e9veloppement socio-\u00e9conomique du Burkina Faso mais \u00e9galement l\u2019insertion socioprofessionnelle et \u00e9conomique des jeunes, tout en leur inculquant un esprit civique et patriotique. Pour lui, l\u2019innovation majeure de cette ann\u00e9e est l\u2019introduction d\u2019une micro-assurance qui prend en compte la couverture sanitaire des appel\u00e9s. Quant au ministre de la Jeunesse et de la Promotion de l\u2019entrepreneuriat des jeunes, Salifo Tiemtor\u00e9, repr\u00e9sentant le Premier ministre, il a encourag\u00e9 la direction g\u00e9n\u00e9rale du SND pour le travail accompli et les initiatives prises pour renforcer l\u2019encadrement des jeunes.<\/p>\n<p>\u00ab Nous sommes venus aussi pour encourager ces jeunes appel\u00e9s et leur dire qu\u2019on peut r\u00e9ussir sa vie en faisant la formation professionnelle, en \u00e9tant encadr\u00e9 et en ayant la possibilit\u00e9 de s\u2019auto-employer \u00bb, a laiss\u00e9 entendre le ministre Salifo Tiemtor\u00e9. La marraine de la c\u00e9r\u00e9monie, Zalissa Koumar\u00e9\/ Ouillio, par ailleurs directrice g\u00e9n\u00e9rale du Centre de contr\u00f4le des v\u00e9hicules automobiles (CCVA), tout en encourageant et en f\u00e9licitant ces filleuls pour les r\u00e9sultats enregistr\u00e9s, les a invit\u00e9s \u00e0 s\u2019armer de courage, de d\u00e9termination. A l\u2019occasion de la c\u00e9r\u00e9monie, des kits d\u2019installation ont \u00e9t\u00e9 offerts \u00e0 56 laur\u00e9ats par le projet \u00ab Tuuma \u00bb. Le Premier ministre a \u00e9galement offert des Kits d\u2019une valeur de 500 000 FCFA aux majors des diff\u00e9rentes fili\u00e8res.<\/p>\n<p style=\"text-align: right\"><strong> Adama SEDGO <\/strong><\/p>\n<p style=\"text-align: right\"><strong>Noufou NEBIE (Collaborateur) <\/strong><\/p>\n<p>L\u2019article <a rel=\"nofollow\" href=\"https:\/\/www.sidwaya.info\/blog\/2021\/09\/20\/service-national-pour-le-developpement-les-appeles-de-la-73e-promotion-aptes-a-sauto-employer\/\">Service national pour le d\u00e9veloppement  : les appel\u00e9s de la 73e promotion aptes  \u00e0 s\u2019auto-employer<\/a> est apparu en premier sur <a rel=\"nofollow\" href=\"https:\/\/www.sidwaya.info\/\">Quotidien Sidwaya<\/a>.<\/p>\n<\/div>\n<p>Auteur: BM. Sidwaya<br \/>\n<a href=\"https:\/\/www.sidwaya.info\/blog\/2021\/09\/20\/service-national-pour-le-developpement-les-appeles-de-la-73e-promotion-aptes-a-sauto-employer\/\">Cliquez ici pour lire l&rsquo;article depuis sa source.<\/a><\/p>\n","protected":false},"excerpt":{"rendered":"<p>Le Service national pour le d\u00e9veloppement (SND) a organis\u00e9 la sortie officielle de la 73e promotion, e vendredi 17 septembre 2021 \u00e0 Badala (D\u00e9dougou). 438 jeunes appel\u00e9s issus des centres de formation professionnelle de Badala et de Loumbila composent cette 73e promotion. Apr\u00e8s avoir pass\u00e9 12 mois dans les centres de formation professionnelle du Service [&hellip;]<\/p>\n","protected":false},"author":1816,"featured_media":0,"comment_status":"closed","ping_status":"closed","sticky":false,"template":"","format":"standard","meta":{"fifu_image_url":"https:\/\/www.sidwaya.info\/wp-content\/uploads\/2021\/09\/1-48-300x158.jpg","fifu_image_alt":"Service national pour le d\u00e9veloppement  : les appel\u00e9s de la 73e promotion aptes  \u00e0 s\u2019auto-employer","footnotes":""},"categories":[73,81],"tags":[],"class_list":["post-127646","post","type-post","status-publish","format-standard","hentry","category-actualite","category-burkina-faso"],"_links":{"self":[{"href":"https:\/\/linitiative.ca\/International\/wp-json\/wp\/v2\/posts\/127646","targetHints":{"allow":["GET"]}}],"collection":[{"href":"https:\/\/linitiative.ca\/International\/wp-json\/wp\/v2\/posts"}],"about":[{"href":"https:\/\/linitiative.ca\/International\/wp-json\/wp\/v2\/types\/post"}],"author":[{"embeddable":true,"href":"https:\/\/linitiative.ca\/International\/wp-json\/wp\/v2\/users\/1816"}],"replies":[{"embeddable":true,"href":"https:\/\/linitiative.ca\/International\/wp-json\/wp\/v2\/comments?post=127646"}],"version-history":[{"count":0,"href":"https:\/\/linitiative.ca\/International\/wp-json\/wp\/v2\/posts\/127646\/revisions"}],"wp:attachment":[{"href":"https:\/\/linitiative.ca\/International\/wp-json\/wp\/v2\/media?parent=127646"}],"wp:term":[{"taxonomy":"category","embeddable":true,"href":"https:\/\/linitiative.ca\/International\/wp-json\/wp\/v2\/categories?post=127646"},{"taxonomy":"post_tag","embeddable":true,"href":"https:\/\/linitiative.ca\/International\/wp-json\/wp\/v2\/tags?post=127646"}],"curies":[{"name":"wp","href":"https:\/\/api.w.org\/{rel}","templated":true}]}}