{"id":127650,"date":"2021-09-20T13:11:48","date_gmt":"2021-09-20T17:11:48","guid":{"rendered":"https:\/\/linitiative.ca\/International\/cameroun-les-pharmaciens-invitent-la-clientele-a-plus-de-confiance\/"},"modified":"2021-09-20T13:11:48","modified_gmt":"2021-09-20T17:11:48","slug":"cameroun-les-pharmaciens-invitent-la-clientele-a-plus-de-confiance","status":"publish","type":"post","link":"https:\/\/linitiative.ca\/International\/cameroun-les-pharmaciens-invitent-la-clientele-a-plus-de-confiance\/","title":{"rendered":"Cameroun : les pharmaciens invitent la client\u00e8le \u00e0 plus de confiance"},"content":{"rendered":"<div>\n<p><img loading=\"lazy\" decoding=\"async\" width=\"3525\" height=\"1487\" src=\"https:\/\/linitiative.ca\/International\/wp-content\/uploads\/sites\/23\/2021\/09\/P_20210918_080127-e1632157892455.jpg\" class=\"attachment-post-thumbnail size-post-thumbnail wp-post-image\" alt=\"\" srcset=\"https:\/\/linitiative.ca\/International\/wp-content\/uploads\/sites\/23\/2021\/09\/P_20210918_080127-e1632157892455.jpg 3525w, https:\/\/www.journalducameroun.com\/wp-content\/uploads\/2021\/09\/P_20210918_080127-e1632157892455-300x127.jpg 300w, https:\/\/www.journalducameroun.com\/wp-content\/uploads\/2021\/09\/P_20210918_080127-e1632157892455-768x324.jpg 768w, https:\/\/www.journalducameroun.com\/wp-content\/uploads\/2021\/09\/P_20210918_080127-e1632157892455-1024x432.jpg 1024w, https:\/\/www.journalducameroun.com\/wp-content\/uploads\/2021\/09\/P_20210918_080127-e1632157892455-1043x440.jpg 1043w, https:\/\/www.journalducameroun.com\/wp-content\/uploads\/2021\/09\/P_20210918_080127-e1632157892455-600x253.jpg 600w\" sizes=\"auto, (max-width: 3525px) 100vw, 3525px\"><\/p>\n<h5 style=\"text-align: justify;\">C\u2019est \u00e0 la faveur des activit\u00e9s de la journ\u00e9e mondiale des pharmaciens qui se c\u00e9l\u00e8brent le 25 septembre. En pr\u00e9lude, plusieurs activit\u00e9s se d\u00e9roulent sur le territoire national depuis quelques jours.<\/h5>\n<p style=\"text-align: justify;\">La confiance doit r\u00e9gner entre le patient et\u00a0le professionnel de la sant\u00e9, sp\u00e9cialiste du m\u00e9dicament. C\u2019est ce qui sous-tend le th\u00e8me de la 11<sup>e<\/sup> \u00e9dition de la J<strong>ourn\u00e9e mondiale des pharmaciens<\/strong> intitul\u00e9 : \u00ab\u00a0<em>Pharmacie\u00a0: la confiance quotidienne au service de votre sant\u00e9\u00a0<\/em>\u00bb.<\/p>\n<p style=\"text-align: justify;\">Le Conseil de l\u2019ordre national des pharmaciens du Cameroun (CNOPC) tient plusieurs activit\u00e9s \u00e7\u00e0 et l\u00e0 dans le pays en pr\u00e9lude \u00e0 cette c\u00e9l\u00e9bration. Tout a d\u00e9marr\u00e9 le 15 septembre par une conf\u00e9rence sur \u00a0les d\u00e9fis du secteur, la responsabilit\u00e9 de la pharmacie dans l\u2019acc\u00e8s aux m\u00e9dicaments. Trois jours plus tard, une grande marche sportive a eu lieu dans la ville de Yaound\u00e9 et s\u2019est \u00e9tendue le lendemain \u00e0 la capitale \u00e9conomique Douala. Des moments de communion entre professionnels du m\u00e9dicament qui rappellent que le sport est un rem\u00e8de ind\u00e9niable pour maintenir la sant\u00e9 physique.<\/p>\n<p style=\"text-align: justify;\">La suite des manifestations est pr\u00e9vue dans les r\u00e9gions du Nord-Ouest et du Littoral. Au Nord-Ouest, plus pr\u00e9cis\u00e9ment \u00e0 Bamenda, l\u2019un des foyers de la crise anglophone, le pr\u00e9sident<strong> Franck Nana<\/strong> \u00a0et les membres du <strong>CNOPC<\/strong> des dons aux prisonniers et \u00e0 quelques \u00e9tablissements scolaires sont pr\u00e9vus. Le cort\u00e8ge de bienfaisance va ensuite \u00a0se diriger \u00e0 Banga dans le Moungo.\u00a0 A la rencontre des d\u00e9plac\u00e9s de la crise dans les r\u00e9gions anglophones. Le clou des activit\u00e9s aura lieu le 25 septembre au Groupe inter patronal du Cameroun (<strong>Gicam<\/strong>). Une r\u00e9flexion sur les voies et moyens de favoriser l\u2019industrie du m\u00e9dicament au Cameroun se tiendra. Une occasion par ailleurs de mieux faire connaitre la pharmacie aux douaniers, autorit\u00e9s administratives \u00a0et hommes d\u2019affaires.<\/p>\n<p style=\"text-align: justify;\">La \u00ab\u00a0<strong>journ\u00e9e mondiales des pharmaciens\u00a0<\/strong>\u00bb, a \u00e9t\u00e9 lanc\u00e9e en 2009 par la F\u00e9d\u00e9ration Internationale Pharmaceutique (FIP). Cette journ\u00e9e a pour objectif de sensibiliser la population aux\u00a0<strong>r\u00f4les<\/strong>\u00a0et\u00a0<strong>missions\u00a0<\/strong>des pharmaciens.<\/p>\n<p>Cet article <a rel=\"nofollow\" href=\"https:\/\/www.journalducameroun.com\/cameroun-les-pharmaciens-invitent-la-clientele-a-plus-de-confiance\/\">Cameroun : les pharmaciens invitent la client\u00e8le \u00e0 plus de confiance<\/a> est apparu en premier sur <a rel=\"nofollow\" href=\"https:\/\/www.journalducameroun.com\/\">Journal du Cameroun<\/a>.<\/p>\n<\/div>\n<p>Auteur: Christian DJIMADEU<br \/>\n<a href=\"https:\/\/www.journalducameroun.com\/cameroun-les-pharmaciens-invitent-la-clientele-a-plus-de-confiance\/\">Cliquez ici pour lire l&rsquo;article depuis sa source.<\/a><\/p>\n","protected":false},"excerpt":{"rendered":"<p>C\u2019est \u00e0 la faveur des activit\u00e9s de la journ\u00e9e mondiale des pharmaciens qui se c\u00e9l\u00e8brent le 25 septembre. En pr\u00e9lude, plusieurs activit\u00e9s se d\u00e9roulent sur le territoire national depuis quelques jours. La confiance doit r\u00e9gner entre le patient et\u00a0le professionnel de la sant\u00e9, sp\u00e9cialiste du m\u00e9dicament. C\u2019est ce qui sous-tend le th\u00e8me de la 11e [&hellip;]<\/p>\n","protected":false},"author":1965,"featured_media":0,"comment_status":"closed","ping_status":"closed","sticky":false,"template":"","format":"standard","meta":{"fifu_image_url":"https:\/\/www.journalducameroun.com\/wp-content\/uploads\/2021\/09\/P_20210918_080127-e1632157892455.jpg","fifu_image_alt":"Cameroun : les pharmaciens invitent la client\u00e8le \u00e0 plus de confiance","footnotes":""},"categories":[73,82],"tags":[],"class_list":["post-127650","post","type-post","status-publish","format-standard","hentry","category-actualite","category-cameroun"],"_links":{"self":[{"href":"https:\/\/linitiative.ca\/International\/wp-json\/wp\/v2\/posts\/127650","targetHints":{"allow":["GET"]}}],"collection":[{"href":"https:\/\/linitiative.ca\/International\/wp-json\/wp\/v2\/posts"}],"about":[{"href":"https:\/\/linitiative.ca\/International\/wp-json\/wp\/v2\/types\/post"}],"author":[{"embeddable":true,"href":"https:\/\/linitiative.ca\/International\/wp-json\/wp\/v2\/users\/1965"}],"replies":[{"embeddable":true,"href":"https:\/\/linitiative.ca\/International\/wp-json\/wp\/v2\/comments?post=127650"}],"version-history":[{"count":0,"href":"https:\/\/linitiative.ca\/International\/wp-json\/wp\/v2\/posts\/127650\/revisions"}],"wp:attachment":[{"href":"https:\/\/linitiative.ca\/International\/wp-json\/wp\/v2\/media?parent=127650"}],"wp:term":[{"taxonomy":"category","embeddable":true,"href":"https:\/\/linitiative.ca\/International\/wp-json\/wp\/v2\/categories?post=127650"},{"taxonomy":"post_tag","embeddable":true,"href":"https:\/\/linitiative.ca\/International\/wp-json\/wp\/v2\/tags?post=127650"}],"curies":[{"name":"wp","href":"https:\/\/api.w.org\/{rel}","templated":true}]}}