{"id":127652,"date":"2021-09-20T13:18:01","date_gmt":"2021-09-20T17:18:01","guid":{"rendered":"https:\/\/linitiative.ca\/International\/production-de-medicaments-lafrique-invitee-a-jouer-sa-partition\/"},"modified":"2021-09-20T13:18:01","modified_gmt":"2021-09-20T17:18:01","slug":"production-de-medicaments-lafrique-invitee-a-jouer-sa-partition","status":"publish","type":"post","link":"https:\/\/linitiative.ca\/International\/production-de-medicaments-lafrique-invitee-a-jouer-sa-partition\/","title":{"rendered":"Production de m\u00e9dicaments : l\u2019Afrique invit\u00e9e \u00e0 jouer sa partition"},"content":{"rendered":"<div>\n<p><img loading=\"lazy\" decoding=\"async\" width=\"2144\" height=\"1424\" src=\"https:\/\/linitiative.ca\/International\/wp-content\/uploads\/sites\/23\/2021\/09\/16321582819783.jpg\" class=\"attachment-post-thumbnail size-post-thumbnail wp-post-image\" alt=\"\" srcset=\"https:\/\/linitiative.ca\/International\/wp-content\/uploads\/sites\/23\/2021\/09\/16321582819783.jpg 2144w, https:\/\/www.journalducameroun.com\/wp-content\/uploads\/2021\/09\/16321582819783-300x199.jpg 300w, https:\/\/www.journalducameroun.com\/wp-content\/uploads\/2021\/09\/16321582819783-768x510.jpg 768w, https:\/\/www.journalducameroun.com\/wp-content\/uploads\/2021\/09\/16321582819783-1024x680.jpg 1024w, https:\/\/www.journalducameroun.com\/wp-content\/uploads\/2021\/09\/16321582819783-662x440.jpg 662w, https:\/\/www.journalducameroun.com\/wp-content\/uploads\/2021\/09\/16321582819783-600x399.jpg 600w\" sizes=\"auto, (max-width: 2144px) 100vw, 2144px\"><\/p>\n<p>Le continent noir doit prendre les devants en produisant ses propres rem\u00e8des afin d&rsquo;\u00e9viter que sa situation de vuln\u00e9rabilit\u00e9 durant la pand\u00e9mie ne se reproduise.Le nouveau coronavirus a mis nu, si besoin en \u00e9tait encore, la vuln\u00e9rabilit\u00e9 de l&rsquo;Afrique sur le plan sanitaire. Au manque d&rsquo;infrastructures aux normes s&rsquo;est ajout\u00e9e la p\u00e9nurie de plusieurs m\u00e9dicaments g\u00e9n\u00e9riques. Des tensions et des perturbations sur la cha\u00eene de distribution ont ainsi \u00e9t\u00e9 not\u00e9es un peu partout sur le continent.<\/p>\n<p>Partant de ce constat, le ministre en charge du suivi du Plan S\u00e9n\u00e9gal Emergent (PSE), Abdou Karim Fofana, a d\u00e9clar\u00e9, lundi \u00e0 Dakar, que \u00ab l&rsquo;Afrique ne doit plus \u00eatre dans l&rsquo;attente de recevoir sa part de m\u00e9dicaments dans une file d&rsquo;attente infinie comme nous l&rsquo;avons v\u00e9cu durant cette situation de pand\u00e9mie de la Covid19. Elle doit plut\u00f4t jouer sa partition dans leur production. \u00bb<\/p>\n<p>\u00ab C&rsquo;est \u00e0 la fois une opportunit\u00e9 \u00e9conomique et une n\u00e9cessit\u00e9 de prot\u00e9ger nos populations \u00bb, a ajout\u00e9 M. Fofana, qui s&rsquo;exprimait \u00e0 l&rsquo;occasion de l&rsquo;atelier intensif de structuration du projet \u00ab Plan de relance du secteur pharmaceutique \u00bb. Ce dernier vise \u00e0 garantir la souverainet\u00e9 du S\u00e9n\u00e9gal en mati\u00e8re de m\u00e9dicaments essentiels, en r\u00e9duisant la d\u00e9pendance aux importations de produits pharmaceutiques par l&rsquo;acc\u00e9l\u00e9ration de la production et de la distribution locale.<\/p>\n<p>C&rsquo;est dans ce contexte qu&rsquo;est d\u00e9velopp\u00e9 actuellement le projet \u00ab Dakar Medical City\u00a0\u00bb \u00e0 travers lequel le S\u00e9n\u00e9gal ambitionne d&rsquo;\u00eatre le centre de soins de r\u00e9f\u00e9rence et un hub pharmaceutique au niveau r\u00e9gional.<\/p>\n<p>Il s&rsquo;agira essentiellement, selon le ministre en charge du suivi du PSE, de promouvoir une offre m\u00e9dicale int\u00e9gr\u00e9e et comp\u00e9titive \u00e0 travers des services de pointe, la recherche m\u00e9dicale et la formation, l&rsquo;offre de soins secondaires et primaires via des cliniques priv\u00e9es et services annexes.<\/p>\n<p>\u00ab Cette orientation, confort\u00e9e par le contexte de la pand\u00e9mie du Covid-19, permettra de capter \u00e0 la fois une demande nationale et r\u00e9gionale \u00bb, a indiqu\u00e9 Abdou Karim Fofana. Il pr\u00e9cise que la strat\u00e9gie de d\u00e9veloppement de l&rsquo;industrie pharmaceutique du S\u00e9n\u00e9gal vise \u00e0 relever le d\u00e9fi d&rsquo;une production locale de m\u00e9dicaments de 30% de la consommation du pays d&rsquo;ici 2030 et 50% d&rsquo;ici 2035.<\/p>\n<p>Mais pour atteindre cet objectif, a soulign\u00e9 la Repr\u00e9sentante R\u00e9sidente de l&rsquo;Organisation mondiale de la sant\u00e9 (OMS) au S\u00e9n\u00e9gal, Dr Lucile Imboua, \u00ab un environnement sain dans plusieurs secteurs est n\u00e9cessaire afin de rendre moins vuln\u00e9rable le pays aux lancinantes p\u00e9nuries de m\u00e9dicaments et asseoir une s\u00e9curit\u00e9 pharmaceutique. \u00bb<\/p>\n<p>A cet effet, elle a recommand\u00e9 l&rsquo;\u00e9laboration de politiques incitatives \u00e0 l&rsquo;endroit d&rsquo;investisseurs nationaux et \u00e9trangers pour le d\u00e9veloppement d&rsquo;une industrie pharmaceutique locale et l&rsquo;adaptation de curricula de formation au niveau des d\u00e9partements de pharmacie pour disposer d&rsquo;une expertise locale en ad\u00e9quation avec les besoins de l&rsquo;industrie.<\/p>\n<p>Elle a invit\u00e9 aussi \u00e0 l&rsquo;exploitation du potentiel de la pharmacop\u00e9e s\u00e9n\u00e9galaise traditionnelle en d\u00e9veloppant par une approche int\u00e9gr\u00e9e de recherche ethnopharmacognosique sur les plantes m\u00e9dicinales et toxiques.<\/p>\n<p>Mme Imboua a par ailleurs sugg\u00e9r\u00e9 le renforcement du soutien de la mutualisation pour une accessibilit\u00e9 financi\u00e8re du m\u00e9dicament aux populations pour davantage dynamiser le march\u00e9 pharmaceutique local et l&rsquo;\u00e9radication du march\u00e9 illicite de m\u00e9dicaments permettant de corriger l&rsquo;\u00e9troitesse du march\u00e9 pharmaceutique s\u00e9n\u00e9galais.<\/p>\n<p>Pour une industrie pharmaceutique locale prosp\u00e8re<\/p>\n<p>La responsable de l&rsquo;OMS reste convaincue que la p\u00e9rennit\u00e9 de l&rsquo;industrie pharmaceutique passera par la diversification de la production pharmaceutique et la r\u00e9solution des questions de qualit\u00e9 qui entravent la circulation des produits fabriqu\u00e9s localement.<\/p>\n<p>Car, \u00e0 en croire Dr Lucie Imboua, les normes r\u00e9glementaires nationales de certains pays africains peuvent ne pas \u00eatre reconnues comme suffisamment solides pour garantir la qualit\u00e9 des produits fabriqu\u00e9s localement. Cela limite le march\u00e9 disponible pour les approvisionnements internationaux aux fabricants locaux.<\/p>\n<p>C&rsquo;est pourquoi, a-t-elle dit, \u00ab il est donc n\u00e9cessaire de faire participer le S\u00e9n\u00e9gal dans un march\u00e9 pharmaceutique commun \u00e0 l&rsquo;Afrique. (Car) l&rsquo;acc\u00e8s au march\u00e9 sous-r\u00e9gional et continental est crucial dans le contexte de m\u00e9ga-producteurs de m\u00e9dicaments comme l&rsquo;Inde et la Chine \u00bb.<\/p>\n<p>Mme Imboua a en enfin annonc\u00e9 qu&rsquo;une mission d&rsquo;experts de l&rsquo;OMS est attendue en octobre prochain pour l&rsquo;adoption d&rsquo;un plan de d\u00e9veloppement intentionnel de la Direction de la pharmacie et des m\u00e9dicaments et du Laboratoire national de contr\u00f4le de la qualit\u00e9 des m\u00e9dicaments.<\/p>\n<p>\u00ab C&rsquo;est le lieu messieurs les ministres de disposer d&rsquo;un dispositif juridique n\u00e9cessaire \u00e0 une autorit\u00e9 nationale de r\u00e9gulation des m\u00e9dicaments et de mettre les moyens financiers cons\u00e9quents pour la transformation de la Direction de la pharmacie et des laboratoires en cette autorit\u00e9 de r\u00e9gulation avec les infrastructures et les ressources humaines ad\u00e9quates\u00a0\u00bb, a-t-elle conclu.<\/p>\n<p>Cet article <a rel=\"nofollow\" href=\"https:\/\/www.journalducameroun.com\/production-de-medicaments-lafrique-invitee-a-jouer-sa-partition\/\">Production de m\u00e9dicaments : l\u2019Afrique invit\u00e9e \u00e0 jouer sa partition<\/a> est apparu en premier sur <a rel=\"nofollow\" href=\"https:\/\/www.journalducameroun.com\/\">Journal du Cameroun<\/a>.<\/p>\n<\/div>\n<p>Auteur: APA News<br \/>\n<a href=\"https:\/\/www.journalducameroun.com\/production-de-medicaments-lafrique-invitee-a-jouer-sa-partition\/\">Cliquez ici pour lire l&rsquo;article depuis sa source.<\/a><\/p>\n","protected":false},"excerpt":{"rendered":"<p>Le continent noir doit prendre les devants en produisant ses propres rem\u00e8des afin d&rsquo;\u00e9viter que sa situation de vuln\u00e9rabilit\u00e9 durant la pand\u00e9mie ne se reproduise.Le nouveau coronavirus a mis nu, si besoin en \u00e9tait encore, la vuln\u00e9rabilit\u00e9 de l&rsquo;Afrique sur le plan sanitaire. Au manque d&rsquo;infrastructures aux normes s&rsquo;est ajout\u00e9e la p\u00e9nurie de plusieurs m\u00e9dicaments [&hellip;]<\/p>\n","protected":false},"author":1965,"featured_media":0,"comment_status":"closed","ping_status":"closed","sticky":false,"template":"","format":"standard","meta":{"fifu_image_url":"https:\/\/www.journalducameroun.com\/wp-content\/uploads\/2021\/09\/16321582819783.jpg","fifu_image_alt":"Production de m\u00e9dicaments : l\u2019Afrique invit\u00e9e \u00e0 jouer sa partition","footnotes":""},"categories":[73,82],"tags":[],"class_list":["post-127652","post","type-post","status-publish","format-standard","hentry","category-actualite","category-cameroun"],"_links":{"self":[{"href":"https:\/\/linitiative.ca\/International\/wp-json\/wp\/v2\/posts\/127652","targetHints":{"allow":["GET"]}}],"collection":[{"href":"https:\/\/linitiative.ca\/International\/wp-json\/wp\/v2\/posts"}],"about":[{"href":"https:\/\/linitiative.ca\/International\/wp-json\/wp\/v2\/types\/post"}],"author":[{"embeddable":true,"href":"https:\/\/linitiative.ca\/International\/wp-json\/wp\/v2\/users\/1965"}],"replies":[{"embeddable":true,"href":"https:\/\/linitiative.ca\/International\/wp-json\/wp\/v2\/comments?post=127652"}],"version-history":[{"count":0,"href":"https:\/\/linitiative.ca\/International\/wp-json\/wp\/v2\/posts\/127652\/revisions"}],"wp:attachment":[{"href":"https:\/\/linitiative.ca\/International\/wp-json\/wp\/v2\/media?parent=127652"}],"wp:term":[{"taxonomy":"category","embeddable":true,"href":"https:\/\/linitiative.ca\/International\/wp-json\/wp\/v2\/categories?post=127652"},{"taxonomy":"post_tag","embeddable":true,"href":"https:\/\/linitiative.ca\/International\/wp-json\/wp\/v2\/tags?post=127652"}],"curies":[{"name":"wp","href":"https:\/\/api.w.org\/{rel}","templated":true}]}}