{"id":127654,"date":"2021-09-20T13:18:01","date_gmt":"2021-09-20T17:18:01","guid":{"rendered":"https:\/\/linitiative.ca\/International\/le-rwanda-relocalise-des-refugies-congolais\/"},"modified":"2021-09-20T13:18:01","modified_gmt":"2021-09-20T17:18:01","slug":"le-rwanda-relocalise-des-refugies-congolais","status":"publish","type":"post","link":"https:\/\/linitiative.ca\/International\/le-rwanda-relocalise-des-refugies-congolais\/","title":{"rendered":"Le Rwanda relocalise des r\u00e9fugi\u00e9s congolais"},"content":{"rendered":"<div>\n<p><img loading=\"lazy\" decoding=\"async\" width=\"250\" height=\"200\" src=\"https:\/\/linitiative.ca\/International\/wp-content\/uploads\/sites\/23\/2021\/09\/16321582812419.jpg\" class=\"attachment-post-thumbnail size-post-thumbnail wp-post-image\" alt=\"\"><\/p>\n<p>La d\u00e9cision est prise en collaboration avec le Haut-Commissariat des Nations unies pour les r\u00e9fugi\u00e9s (HCR) pour relocaliser les r\u00e9fugi\u00e9s congolais du camp de Gihembe (Nord) \u00e0 Mahama (Sud) en raison des risques de catastrophe et de la v\u00e9tust\u00e9 des infrastructures.\u00ab Le camp de Gihembe est situ\u00e9 dans une zone \u00e0 haut risque et est affect\u00e9 par des risques environnementaux caus\u00e9s par l&rsquo;\u00e9rosion et les ravages des ravines, avec des infrastructures vieillissantes \u00bb, explique un communiqu\u00e9 publi\u00e9 ce lundi par le minist\u00e8re rwandais de la Gestion des catastrophes et des Affaires des r\u00e9fugi\u00e9s.<\/p>\n<p>Construit en 1997, le camp de Gihembe abrite 9.922 r\u00e9fugi\u00e9s congolais r\u00e9partis dans 2.277 m\u00e9nages.<\/p>\n<p>Quelque 2.392 r\u00e9fugi\u00e9s ont d\u00e9j\u00e0 \u00e9t\u00e9 transf\u00e9r\u00e9s \u00e0 Mahama, et les familles restantes seront relog\u00e9es d&rsquo;ici d\u00e9cembre 2021, selon les autorit\u00e9s de Kigali.<\/p>\n<p>Ceux qui ne souhaitent pas \u00eatre relocalis\u00e9s \u00e0 Mahama ont la possibilit\u00e9 de s&rsquo;enregistrer comme r\u00e9fugi\u00e9s urbains.<\/p>\n<p>En fonction de leur d\u00e9cision, les r\u00e9fugi\u00e9s relocalis\u00e9s b\u00e9n\u00e9ficient des m\u00eames droits et de l&rsquo;ensemble des aides allou\u00e9es \u00e0 tout autre camp ou r\u00e9fugi\u00e9 urbain au Rwanda, selon leur classification de vuln\u00e9rabilit\u00e9, pr\u00e9cise le communiqu\u00e9.<\/p>\n<p>Le Rwanda accueille environ 127.000 r\u00e9fugi\u00e9s, principalement originaires du Burundi et de la R\u00e9publique d\u00e9mocratique du Congo, selon le HCR.<\/p>\n<p>Cet article <a rel=\"nofollow\" href=\"https:\/\/www.journalducameroun.com\/le-rwanda-relocalise-des-refugies-congolais\/\">Le Rwanda relocalise des r\u00e9fugi\u00e9s congolais<\/a> est apparu en premier sur <a rel=\"nofollow\" href=\"https:\/\/www.journalducameroun.com\/\">Journal du Cameroun<\/a>.<\/p>\n<\/div>\n<p>Auteur: APA News<br \/>\n<a href=\"https:\/\/www.journalducameroun.com\/le-rwanda-relocalise-des-refugies-congolais\/\">Cliquez ici pour lire l&rsquo;article depuis sa source.<\/a><\/p>\n","protected":false},"excerpt":{"rendered":"<p>La d\u00e9cision est prise en collaboration avec le Haut-Commissariat des Nations unies pour les r\u00e9fugi\u00e9s (HCR) pour relocaliser les r\u00e9fugi\u00e9s congolais du camp de Gihembe (Nord) \u00e0 Mahama (Sud) en raison des risques de catastrophe et de la v\u00e9tust\u00e9 des infrastructures.\u00ab Le camp de Gihembe est situ\u00e9 dans une zone \u00e0 haut risque et est [&hellip;]<\/p>\n","protected":false},"author":1965,"featured_media":0,"comment_status":"closed","ping_status":"closed","sticky":false,"template":"","format":"standard","meta":{"fifu_image_url":"https:\/\/www.journalducameroun.com\/wp-content\/uploads\/2021\/09\/16321582812419.jpg","fifu_image_alt":"Le Rwanda relocalise des r\u00e9fugi\u00e9s congolais","footnotes":""},"categories":[73,82],"tags":[],"class_list":["post-127654","post","type-post","status-publish","format-standard","hentry","category-actualite","category-cameroun"],"_links":{"self":[{"href":"https:\/\/linitiative.ca\/International\/wp-json\/wp\/v2\/posts\/127654","targetHints":{"allow":["GET"]}}],"collection":[{"href":"https:\/\/linitiative.ca\/International\/wp-json\/wp\/v2\/posts"}],"about":[{"href":"https:\/\/linitiative.ca\/International\/wp-json\/wp\/v2\/types\/post"}],"author":[{"embeddable":true,"href":"https:\/\/linitiative.ca\/International\/wp-json\/wp\/v2\/users\/1965"}],"replies":[{"embeddable":true,"href":"https:\/\/linitiative.ca\/International\/wp-json\/wp\/v2\/comments?post=127654"}],"version-history":[{"count":0,"href":"https:\/\/linitiative.ca\/International\/wp-json\/wp\/v2\/posts\/127654\/revisions"}],"wp:attachment":[{"href":"https:\/\/linitiative.ca\/International\/wp-json\/wp\/v2\/media?parent=127654"}],"wp:term":[{"taxonomy":"category","embeddable":true,"href":"https:\/\/linitiative.ca\/International\/wp-json\/wp\/v2\/categories?post=127654"},{"taxonomy":"post_tag","embeddable":true,"href":"https:\/\/linitiative.ca\/International\/wp-json\/wp\/v2\/tags?post=127654"}],"curies":[{"name":"wp","href":"https:\/\/api.w.org\/{rel}","templated":true}]}}