{"id":127656,"date":"2021-09-20T13:18:02","date_gmt":"2021-09-20T17:18:02","guid":{"rendered":"https:\/\/linitiative.ca\/International\/paradigm-initiative-pour-linclusion-numerique-des-jeunes-senegalais\/"},"modified":"2021-09-20T13:18:02","modified_gmt":"2021-09-20T17:18:02","slug":"paradigm-initiative-pour-linclusion-numerique-des-jeunes-senegalais","status":"publish","type":"post","link":"https:\/\/linitiative.ca\/International\/paradigm-initiative-pour-linclusion-numerique-des-jeunes-senegalais\/","title":{"rendered":"Paradigm Initiative pour l\u2019inclusion num\u00e9rique des jeunes s\u00e9n\u00e9galais"},"content":{"rendered":"<div>\n<p><img loading=\"lazy\" decoding=\"async\" width=\"250\" height=\"106\" src=\"https:\/\/linitiative.ca\/International\/wp-content\/uploads\/sites\/23\/2021\/09\/16321582827420.jpg\" class=\"attachment-post-thumbnail size-post-thumbnail wp-post-image\" alt=\"\"><\/p>\n<p>L&rsquo;entreprise sociale Paradigm Initiative (PIN) s&rsquo;est engag\u00e9e \u00e0 connecter les jeunes s\u00e9n\u00e9galais mal desservis aux opportunit\u00e9s num\u00e9riques et \u00e0 assurer la protection de leurs droits num\u00e9riques.Pour ce faire, elle va former une premi\u00e8re cohorte de 20 jeunes \u00e2g\u00e9s de 15 \u00e0 28 ans pendant dix semaines. \u00ab Ces premiers b\u00e9n\u00e9ficiaires seront form\u00e9s pour \u00eatre formateurs pour les prochaines cohortes \u00bb, a expliqu\u00e9 Aminata Ngom, Charg\u00e9e de programmes de Paradigm Initiative (PIN) au S\u00e9n\u00e9gal.<\/p>\n<p>S&rsquo;exprimant au cours de l&rsquo;inauguration du si\u00e8ge de PIN au S\u00e9n\u00e9gal, deuxi\u00e8me pays \u00e0 b\u00e9n\u00e9ficier de son programme Life, apr\u00e8s le Nigeria o\u00f9 il fut lanc\u00e9 en 2017.<\/p>\n<p>\u00ab Nous mettrons l&rsquo;accent sur l&rsquo;insertion professionnelle des b\u00e9n\u00e9ficiaires et les accompagnerons dans la recherche de financements pour qu&rsquo;ils mettent en place de microentreprises capable s d&rsquo;am\u00e9liorer leurs conditions de vie \u00bb, a poursuivi Aminata Ngom dans son discours parvenu \u00e0 APA.<\/p>\n<p>Selon Nnenna Paul-Ugochukwu, Directrice des op\u00e9rations de Paradigm Initiative, sa structure appuie \u00ab tous les efforts d\u00e9ploy\u00e9s pour faire progresser les droits num\u00e9riques et l&rsquo;inclusion en Afrique \u00bb.<\/p>\n<p>Cet article <a rel=\"nofollow\" href=\"https:\/\/www.journalducameroun.com\/paradigm-initiative-pour-linclusion-numerique-des-jeunes-senegalais\/\">Paradigm Initiative pour l\u2019inclusion num\u00e9rique des jeunes s\u00e9n\u00e9galais<\/a> est apparu en premier sur <a rel=\"nofollow\" href=\"https:\/\/www.journalducameroun.com\/\">Journal du Cameroun<\/a>.<\/p>\n<\/div>\n<p>Auteur: APA News<br \/>\n<a href=\"https:\/\/www.journalducameroun.com\/paradigm-initiative-pour-linclusion-numerique-des-jeunes-senegalais\/\">Cliquez ici pour lire l&rsquo;article depuis sa source.<\/a><\/p>\n","protected":false},"excerpt":{"rendered":"<p>L&rsquo;entreprise sociale Paradigm Initiative (PIN) s&rsquo;est engag\u00e9e \u00e0 connecter les jeunes s\u00e9n\u00e9galais mal desservis aux opportunit\u00e9s num\u00e9riques et \u00e0 assurer la protection de leurs droits num\u00e9riques.Pour ce faire, elle va former une premi\u00e8re cohorte de 20 jeunes \u00e2g\u00e9s de 15 \u00e0 28 ans pendant dix semaines. \u00ab Ces premiers b\u00e9n\u00e9ficiaires seront form\u00e9s pour \u00eatre formateurs [&hellip;]<\/p>\n","protected":false},"author":1965,"featured_media":0,"comment_status":"closed","ping_status":"closed","sticky":false,"template":"","format":"standard","meta":{"fifu_image_url":"https:\/\/www.journalducameroun.com\/wp-content\/uploads\/2021\/09\/16321582827420.jpg","fifu_image_alt":"Paradigm Initiative pour l\u2019inclusion num\u00e9rique des jeunes s\u00e9n\u00e9galais","footnotes":""},"categories":[73,82],"tags":[],"class_list":["post-127656","post","type-post","status-publish","format-standard","hentry","category-actualite","category-cameroun"],"_links":{"self":[{"href":"https:\/\/linitiative.ca\/International\/wp-json\/wp\/v2\/posts\/127656","targetHints":{"allow":["GET"]}}],"collection":[{"href":"https:\/\/linitiative.ca\/International\/wp-json\/wp\/v2\/posts"}],"about":[{"href":"https:\/\/linitiative.ca\/International\/wp-json\/wp\/v2\/types\/post"}],"author":[{"embeddable":true,"href":"https:\/\/linitiative.ca\/International\/wp-json\/wp\/v2\/users\/1965"}],"replies":[{"embeddable":true,"href":"https:\/\/linitiative.ca\/International\/wp-json\/wp\/v2\/comments?post=127656"}],"version-history":[{"count":0,"href":"https:\/\/linitiative.ca\/International\/wp-json\/wp\/v2\/posts\/127656\/revisions"}],"wp:attachment":[{"href":"https:\/\/linitiative.ca\/International\/wp-json\/wp\/v2\/media?parent=127656"}],"wp:term":[{"taxonomy":"category","embeddable":true,"href":"https:\/\/linitiative.ca\/International\/wp-json\/wp\/v2\/categories?post=127656"},{"taxonomy":"post_tag","embeddable":true,"href":"https:\/\/linitiative.ca\/International\/wp-json\/wp\/v2\/tags?post=127656"}],"curies":[{"name":"wp","href":"https:\/\/api.w.org\/{rel}","templated":true}]}}