{"id":127658,"date":"2021-09-20T14:18:45","date_gmt":"2021-09-20T18:18:45","guid":{"rendered":"https:\/\/linitiative.ca\/International\/cameroun-alliance-entre-les-separatistes-et-des-groupes-terroristes-exogenes\/"},"modified":"2021-09-20T14:18:45","modified_gmt":"2021-09-20T18:18:45","slug":"cameroun-alliance-entre-les-separatistes-et-des-groupes-terroristes-exogenes","status":"publish","type":"post","link":"https:\/\/linitiative.ca\/International\/cameroun-alliance-entre-les-separatistes-et-des-groupes-terroristes-exogenes\/","title":{"rendered":"Cameroun : alliance entre les s\u00e9paratistes et des groupes terroristes exog\u00e8nes"},"content":{"rendered":"<div>\n<p><img loading=\"lazy\" decoding=\"async\" width=\"500\" height=\"282\" src=\"https:\/\/linitiative.ca\/International\/wp-content\/uploads\/sites\/23\/2021\/09\/Crise-anglophone.jpg\" class=\"attachment-post-thumbnail size-post-thumbnail wp-post-image\" alt=\"\" srcset=\"https:\/\/linitiative.ca\/International\/wp-content\/uploads\/sites\/23\/2021\/09\/Crise-anglophone.jpg 500w, https:\/\/www.journalducameroun.com\/wp-content\/uploads\/2019\/02\/Crise-anglophone-300x169.jpg 300w, https:\/\/www.journalducameroun.com\/wp-content\/uploads\/2019\/02\/Crise-anglophone-780x440.jpg 780w, https:\/\/www.journalducameroun.com\/wp-content\/uploads\/2019\/02\/Crise-anglophone-380x215.jpg 380w, https:\/\/www.journalducameroun.com\/wp-content\/uploads\/2019\/02\/Crise-anglophone-160x90.jpg 160w, https:\/\/www.journalducameroun.com\/wp-content\/uploads\/2019\/02\/Crise-anglophone-240x135.jpg 240w\" sizes=\"auto, (max-width: 500px) 100vw, 500px\"><\/p>\n<h5>Un communiqu\u00e9 du responsable de la Communication du Mindef publi\u00e9 ce 20 septembre fait le bilan de l\u2019attaque meurtri\u00e8re \u00e0 l\u2019origine de la mort d\u2019une quinzaine de soldats et confirme la nouvelle tournure que prend la guerre dans les r\u00e9gions du Nord-Ouest et du Sud-Ouest.<\/h5>\n<p>\u00a0<\/p>\n<p>\u00a0<\/p>\n<p>Dans le communiqu\u00e9 publi\u00e9 ce jour, le capitaine vaisseau Cyrille Serges Atonfack Guemo \u00a0indique que l\u2019embuscade de terroristes dans la localit\u00e9 de Bamessing, d\u00e9partement du Ngo-Ketunjia, r\u00e9gion du Nord-Ouest s\u2019est op\u00e9r\u00e9e au moyen d\u2019armes sophistiqu\u00e9es. \u00ab\u00a0<em>(\u2026) les services de renseignement ont \u00e9tabli avec certitude que la mont\u00e9e en puissance de ces groupes terroristes, de par l&rsquo;armement de gros calibre dont ils disposent et font syst\u00e9matiquement usage, d\u00e9coule en grande partie de leur jonction avec d&rsquo;autres entit\u00e9s terroristes op\u00e9rant hors des fronti\u00e8res de notre pays\u00a0<\/em>\u00bb, d\u00e9clare le responsable de la Communication du minist\u00e8re de la D\u00e9fense.<\/p>\n<p>\u00a0<\/p>\n<p><strong>\u00a0<\/strong><\/p>\n<p><strong>Ci-dessous l\u2019int\u00e9gralit\u00e9 du communiqu\u00e9 <\/strong><\/p>\n<p>\u00a0<\/p>\n<p style=\"text-align: center;\"><strong>Communiqu\u00e9 de presse<\/strong><\/p>\n<p>\u00a0<\/p>\n<p style=\"text-align: center;\"><em>Le Minist\u00e8re de la D\u00e9fense communique : dans la soir\u00e9e du jeudi 16 septembre 2021, un convoi du 6eme\u00a0 Bataillon d\u2019intervention Rapide (BIR) en mission de reconnaissance a \u00e9t\u00e9 la cible d&rsquo;une embuscade de terroristes lourdement arm\u00e9s dans la localit\u00e9 de Bamessing, arrondissement de Ndop, d\u00e9partement du Ngo-Ketunjia, R\u00e9gion du Nord-Ouest<\/em><\/p>\n<p style=\"text-align: center;\"><em>A l&rsquo;aide d&rsquo;un engin explosif improvis\u00e9 (EEI) et d&rsquo;un lance-roquettes antichar (LRAC), les insurg\u00e9s ont immobilis\u00e9 les v\u00e9hicules des Forces de D\u00e9fense avant d&rsquo;ouvrir un feu nourri sur ces derniers, s\u00e9rieusement incapacit\u00e9s par la d\u00e9flagration des charges explosives.<\/em><\/p>\n<p style=\"text-align: center;\"><em>Ces \u00e9v\u00e9nements surviennent quelques jours seulement apr\u00e8s une autre attaque d&rsquo;engin explosif improvis\u00e9 visant un autre convoi militaire, dans la matin\u00e9e du dimanche 12 septembre 2021, sur l&rsquo;axe Kumbo-Tatum, lieu-dit Kikaikom, arrondissement de Kumbo, d\u00e9partement du Bui, R\u00e9gion du Nord-Ouest.<\/em><\/p>\n<p style=\"text-align: center;\"><em>Le bilan cumul\u00e9 de ces attaques est d&rsquo;une quinzaine de soldats et de plusieurs civils tu\u00e9s, ainsi que de trois v\u00e9hicules endommag\u00e9s. Le Ministre D\u00e9l\u00e9gu\u00e9 \u00e0 la Pr\u00e9sidence charg\u00e9 de la D\u00e9fense transmet aux familles des militaires et civils disparus, les profondes condol\u00e9ances du Chef de l&rsquo;Etat, Chef des Forces Arm\u00e9es, ainsi que ses v\u0153ux de prompt r\u00e9tablissement aux survivants.<\/em><\/p>\n<p style=\"text-align: center;\"><em>Il y a lieu de rappeler que cette nouvelle attaque a \u00e9t\u00e9, comme les pr\u00e9c\u00e9dentes, men\u00e9e au m\u00e9pris du Droit International Humanitaire (DIH).<\/em><\/p>\n<p style=\"text-align: center;\"><em>De m\u00eame, l&rsquo;usage d&rsquo;explosifs \u00e0 forte charge contre les Forces de D\u00e9fense et de S\u00e9curit\u00e9, ainsi que des populations civiles en zones urbaines et p\u00e9riurbaines, voire le camouflage\u00a0 dans les populations civiles ou l&rsquo;utilisation de celles-ci comme boucliers humains rel\u00e8ve d&rsquo;une innommable barbarie.<\/em><\/p>\n<p style=\"text-align: center;\"><em>II importe de relever que les services de renseignement ont \u00e9tabli avec certitude que la mont\u00e9e en puissance de ces groupes terroristes, de par l&rsquo;armement de gros calibre dont ils disposent et font syst\u00e9matiquement usage, d\u00e9coule en grande partie de leur jonction avec d&rsquo;autres entit\u00e9s terroristes op\u00e9rant hors des fronti\u00e8res de notre pays.<\/em><\/p>\n<p style=\"text-align: center;\"><em>Il est ainsi manifeste que l&rsquo;entr\u00e9e en sc\u00e8ne d&rsquo;explosifs de forte capacit\u00e9 et de nouveaux armements consacre indubitablement le changement de paradigme dans les op\u00e9rations en cours, les Forces de D\u00e9fense et de S\u00e9curit\u00e9 ayant pour mission de tout faire pour restaurer la paix et garantir la libre circulation des personnes, biens et capitaux sur toute I \u2018\u00e9tendue du territoire national.<\/em><\/p>\n<p style=\"text-align: center;\"><em>En tout \u00e9tat de cause, I\u2018Arm\u00e9e camerounaise reste d\u00e9termin\u00e9e \u00e0 \u00e9radiquer toute forme de violences tant dans les r\u00e9gions crisog\u00e8nes du Nord-Ouest et du Sud-Ouest que dans celle de &lsquo;Extr\u00eame-Nord, zones dans lesquelles il est d\u00e9sormais et clairement \u00e9tabli l&rsquo;existence de liens et d&rsquo;\u00e9changes d&rsquo;armements sophistiqu\u00e9s entre les terroristes s\u00e9cessionnistes des r\u00e9gions du Nord-Ouest et du Sud-Ouest avec des groupes int\u00e9gristes violents exog\u00e8nes. \/-<\/em><\/p>\n<p style=\"text-align: center;\">\n<p style=\"text-align: center;\">Le capitaine vaisseau <strong>Cyrille Serges Atonfack Guemo<\/strong><\/p>\n<p style=\"text-align: center;\">\n<p>Cet article <a rel=\"nofollow\" href=\"https:\/\/www.journalducameroun.com\/cameroun-alliance-entre-les-separatistes-et-des-groupes-terroristes-exogenes\/\">Cameroun : alliance entre les s\u00e9paratistes et des groupes terroristes exog\u00e8nes<\/a> est apparu en premier sur <a rel=\"nofollow\" href=\"https:\/\/www.journalducameroun.com\/\">Journal du Cameroun<\/a>.<\/p>\n<\/div>\n<p>Auteur: Christian DJIMADEU<br \/>\n<a href=\"https:\/\/www.journalducameroun.com\/cameroun-alliance-entre-les-separatistes-et-des-groupes-terroristes-exogenes\/\">Cliquez ici pour lire l&rsquo;article depuis sa source.<\/a><\/p>\n","protected":false},"excerpt":{"rendered":"<p>Un communiqu\u00e9 du responsable de la Communication du Mindef publi\u00e9 ce 20 septembre fait le bilan de l\u2019attaque meurtri\u00e8re \u00e0 l\u2019origine de la mort d\u2019une quinzaine de soldats et confirme la nouvelle tournure que prend la guerre dans les r\u00e9gions du Nord-Ouest et du Sud-Ouest. \u00a0 \u00a0 Dans le communiqu\u00e9 publi\u00e9 ce jour, le capitaine [&hellip;]<\/p>\n","protected":false},"author":1965,"featured_media":0,"comment_status":"closed","ping_status":"closed","sticky":false,"template":"","format":"standard","meta":{"fifu_image_url":"https:\/\/www.journalducameroun.com\/wp-content\/uploads\/2019\/02\/Crise-anglophone.jpg","fifu_image_alt":"Cameroun : alliance entre les s\u00e9paratistes et des groupes terroristes exog\u00e8nes","footnotes":""},"categories":[73,82],"tags":[],"class_list":["post-127658","post","type-post","status-publish","format-standard","hentry","category-actualite","category-cameroun"],"_links":{"self":[{"href":"https:\/\/linitiative.ca\/International\/wp-json\/wp\/v2\/posts\/127658","targetHints":{"allow":["GET"]}}],"collection":[{"href":"https:\/\/linitiative.ca\/International\/wp-json\/wp\/v2\/posts"}],"about":[{"href":"https:\/\/linitiative.ca\/International\/wp-json\/wp\/v2\/types\/post"}],"author":[{"embeddable":true,"href":"https:\/\/linitiative.ca\/International\/wp-json\/wp\/v2\/users\/1965"}],"replies":[{"embeddable":true,"href":"https:\/\/linitiative.ca\/International\/wp-json\/wp\/v2\/comments?post=127658"}],"version-history":[{"count":0,"href":"https:\/\/linitiative.ca\/International\/wp-json\/wp\/v2\/posts\/127658\/revisions"}],"wp:attachment":[{"href":"https:\/\/linitiative.ca\/International\/wp-json\/wp\/v2\/media?parent=127658"}],"wp:term":[{"taxonomy":"category","embeddable":true,"href":"https:\/\/linitiative.ca\/International\/wp-json\/wp\/v2\/categories?post=127658"},{"taxonomy":"post_tag","embeddable":true,"href":"https:\/\/linitiative.ca\/International\/wp-json\/wp\/v2\/tags?post=127658"}],"curies":[{"name":"wp","href":"https:\/\/api.w.org\/{rel}","templated":true}]}}