{"id":127660,"date":"2021-09-20T10:55:45","date_gmt":"2021-09-20T14:55:45","guid":{"rendered":"https:\/\/linitiative.ca\/International\/libre-echange-des-experts-examinent-les-domaines-prioritaires-de-mise-en-oeuvre-de-la-zlecaf\/"},"modified":"2021-09-20T10:55:45","modified_gmt":"2021-09-20T14:55:45","slug":"libre-echange-des-experts-examinent-les-domaines-prioritaires-de-mise-en-oeuvre-de-la-zlecaf","status":"publish","type":"post","link":"https:\/\/linitiative.ca\/International\/libre-echange-des-experts-examinent-les-domaines-prioritaires-de-mise-en-oeuvre-de-la-zlecaf\/","title":{"rendered":"Libre \u00e9change: des experts examinent les domaines prioritaires de mise en \u0153uvre de la Zlecaf"},"content":{"rendered":"<div>\n<p>\u00abZone de libre-\u00e9change continentale africaine: comment le financement et le d\u00e9veloppement de l\u2019industrie peuvent \u00eatre un support \u00e0 la dynamique des pays membres\u00a0\u00bb. C\u2019est sur ce th\u00e8me que s\u2019est tenue\u00a0<em>du 15 au 16 septembre 2021\u00a0<\/em>\u00e0 Douala, la seconde \u00e9dition du forum \u00e9conomique international \u00abPro meet up and learn\u00bb (PML). Carole Mbessa Elongo, la directrice g\u00e9n\u00e9rale adjointe de Business facilities corporation et promotrice du forum a ax\u00e9 les th\u00e8mes g\u00e9n\u00e9raux du Pml 2021 sur l\u2019agro-industrie, le portuaire et la logistique, le digital, le financement des Pme, les m\u00e9canismes de lev\u00e9e de fonds, le financement par partenariat public-priv\u00e9-priv\u00e9: \u00abla zone de libre-\u00e9change \u00e9conomique africaine est un march\u00e9 commun qui d\u00e9bute ses op\u00e9rations. Elle repr\u00e9sente un enjeu important pour le d\u00e9veloppement \u00e9conomique de l\u2019Afrique, et charrie des opportunit\u00e9s consid\u00e9rables pour les cr\u00e9ateurs de valeurs sur le continent. A ce stade il est n\u00e9cessaire de d\u00e9terminer les outils qui permettront aux entreprises pr\u00e9sentes sur le continent, ainsi qu\u2019aux Etats, de tirer parti de ce march\u00e9 commun, unique par sa taille et son potentiel en adressant progressivement\u00a0tous les d\u00e9fis qui sont greff\u00e9s \u00e0 son d\u00e9ploiement\u00bb, a indiqu\u00e9 la manager lors de la c\u00e9r\u00e9monie d\u2019ouverture.<\/p>\n<p><strong>Lire aussi :<\/strong> <a href=\"https:\/\/ecomatin.net\/libre-echange-la-fondation-inter-progress-sensibilise-sur-les-enjeux-de-la-zlecaf\/\">\u00a0<strong>Libre \u00e9change: la Fondation inter-progress sensibilise sur les enjeux de la Zlecaf<\/strong><\/a><\/p>\n<p>Officiellement entr\u00e9 en vigueur le 1er janvier 2021, la Zlecaf apporte une r\u00e9ponse \u00e0 la faiblesse du commerce intra-africain qui se situe d\u2019apr\u00e8s l\u2019Union Africaine \u00e0 7%. D\u2019apr\u00e8s le Trait\u00e9 de Kigali de mars 2018 portant institution de la Zlecaf, les pays africains en voie de d\u00e9veloppement disposent de 10 ans pour d\u00e9manteler les barri\u00e8res tarifaires sur 97% de leur commerce intra-africain. Ce d\u00e9lai est de 13 ans pour les pays les moins avanc\u00e9s. La Zlecaf repr\u00e9sente un march\u00e9 africain de 1,2 milliard de consommateurs avec un Produit int\u00e9rieur brut cumul\u00e9 d\u2019environ 2300 \u00e0 3400 milliards de dollars. 34 pays, dont le Cameroun, ont ratifi\u00e9 le protocole de Kigali.\u00a0<\/p>\n<p>Lire aussi : <strong><a href=\"https:\/\/ecomatin.net\/zlecaf-un-fonds-de-5%E2%80%AF455147-milliards-de-fcfa-pour-les-entreprises-africaines\/\">Zlecaf: un fonds de 5\u202f455,147 milliards de Fcfa pour les entreprises africaines<\/a><\/strong><\/p>\n<p><strong>Investissements directs \u00e9trangers<\/strong><\/p>\n<p>Pour Simon Pierre Omgba Mbida, ministre pl\u00e9nipotentiaire aupr\u00e8s de l\u2019Union africaine, la Zlecaf permettra une baisse des co\u00fbts des marchandises du fait de la circulation massive des produits et de l\u2019augmentation de l\u2019offre. L\u2019expert pense \u00e9galement que la libre circulation des biens induit forc\u00e9ment celle des personnes, l\u2019\u00e9closion d\u2019une union douani\u00e8re, et des solutions relatives \u00e0 la probl\u00e9matique de la cr\u00e9ation d\u2019une monnaie africaine unique. Sauf que, renseigne-t-il, \u00abla Zlecaf aura besoin pour se d\u00e9velopper des investissements directs \u00e9trangers\u00bb. Jean Luc Mataski, \u00e9conomiste principal \u00e0 la Commission \u00e9conomique pour l\u2019Afrique des Nations unies d\u00e9voile d\u2019autres domaines prioritaires fix\u00e9s par l\u2019Union africaine : d\u00e9finir les politiques commerciales, d\u00e9velopper des infrastructures de facilitation du commerce, le financement des transactions commerciales, la vulgarisation des informations commerciales (opportunit\u00e9s commerciales), d\u00e9finition d\u2019un march\u00e9 des facteurs (libre circulation des comp\u00e9tences), et le financement des exportations etc\u2026<\/p>\n<p><strong>Lire aussi <\/strong>: <strong><a href=\"https:\/\/ecomatin.net\/zone-de-libre-echange-continentale-les-enjeux-pour-le-cameroun\/\">Zone de libre-\u00e9change continentale : les enjeux pour le Cameroun<\/a><\/strong><\/p>\n<p>Dans son B to B avec de jeunes entrepreneurs camerounais, Achille Bassilekin lll est revenu sur les opportunit\u00e9s et projets \u00e0 saisir par ces derniers. Le \u00abPro meet up and learn 2021\u00bb a connu la participation de diverses personnalit\u00e9s camerounaises et africaines \u00e0 l\u2019instar de Toyin Sanini, directrice g\u00e9n\u00e9rale de Emerging Africa capital group, Gregor Binkert, directeur g\u00e9n\u00e9ral de BD consulting &amp; Investment, ancien repr\u00e9sentant pays de la Banque mondiale au Cameroun, les Pr. Touna Mama, Charles Binam Bikoi, Jean Emmanuel Pondi\u2026<\/p>\n<p>L\u2019article <a rel=\"nofollow\" href=\"https:\/\/ecomatin.net\/libre-echange-des-experts-examinent-les-domaines-prioritaires-de-mise-en-oeuvre-de-la-zlecaf\/\">Libre \u00e9change: des experts examinent les domaines prioritaires de mise en \u0153uvre de la Zlecaf<\/a> est apparu en premier sur <a rel=\"nofollow\" href=\"https:\/\/ecomatin.net\/\">EcoMatin<\/a>.<\/p>\n<\/div>\n<p>Auteur: Georges Semey<br \/>\n<a href=\"https:\/\/ecomatin.net\/libre-echange-des-experts-examinent-les-domaines-prioritaires-de-mise-en-oeuvre-de-la-zlecaf\/\">Cliquez ici pour lire l&rsquo;article depuis sa source.<\/a><\/p>\n","protected":false},"excerpt":{"rendered":"<p>\u00abZone de libre-\u00e9change continentale africaine: comment le financement et le d\u00e9veloppement de l\u2019industrie peuvent \u00eatre un support \u00e0 la dynamique des pays membres\u00a0\u00bb. C\u2019est sur ce th\u00e8me que s\u2019est tenue\u00a0du 15 au 16 septembre 2021\u00a0\u00e0 Douala, la seconde \u00e9dition du forum \u00e9conomique international \u00abPro meet up and learn\u00bb (PML). Carole Mbessa Elongo, la directrice g\u00e9n\u00e9rale [&hellip;]<\/p>\n","protected":false},"author":1969,"featured_media":0,"comment_status":"closed","ping_status":"closed","sticky":false,"template":"","format":"standard","meta":{"fifu_image_url":"","fifu_image_alt":"","footnotes":""},"categories":[82,78],"tags":[],"class_list":["post-127660","post","type-post","status-publish","format-standard","hentry","category-cameroun","category-economie"],"_links":{"self":[{"href":"https:\/\/linitiative.ca\/International\/wp-json\/wp\/v2\/posts\/127660","targetHints":{"allow":["GET"]}}],"collection":[{"href":"https:\/\/linitiative.ca\/International\/wp-json\/wp\/v2\/posts"}],"about":[{"href":"https:\/\/linitiative.ca\/International\/wp-json\/wp\/v2\/types\/post"}],"author":[{"embeddable":true,"href":"https:\/\/linitiative.ca\/International\/wp-json\/wp\/v2\/users\/1969"}],"replies":[{"embeddable":true,"href":"https:\/\/linitiative.ca\/International\/wp-json\/wp\/v2\/comments?post=127660"}],"version-history":[{"count":0,"href":"https:\/\/linitiative.ca\/International\/wp-json\/wp\/v2\/posts\/127660\/revisions"}],"wp:attachment":[{"href":"https:\/\/linitiative.ca\/International\/wp-json\/wp\/v2\/media?parent=127660"}],"wp:term":[{"taxonomy":"category","embeddable":true,"href":"https:\/\/linitiative.ca\/International\/wp-json\/wp\/v2\/categories?post=127660"},{"taxonomy":"post_tag","embeddable":true,"href":"https:\/\/linitiative.ca\/International\/wp-json\/wp\/v2\/tags?post=127660"}],"curies":[{"name":"wp","href":"https:\/\/api.w.org\/{rel}","templated":true}]}}