{"id":127662,"date":"2021-09-20T13:15:21","date_gmt":"2021-09-20T17:15:21","guid":{"rendered":"https:\/\/linitiative.ca\/International\/developpement-loapi-celebre-la-propriete-intellectuelle\/"},"modified":"2021-09-20T13:15:21","modified_gmt":"2021-09-20T17:15:21","slug":"developpement-loapi-celebre-la-propriete-intellectuelle","status":"publish","type":"post","link":"https:\/\/linitiative.ca\/International\/developpement-loapi-celebre-la-propriete-intellectuelle\/","title":{"rendered":"D\u00e9veloppement : l\u2019Oapi c\u00e9l\u00e8bre la propri\u00e9t\u00e9 intellectuelle"},"content":{"rendered":"<div>\n<p>Le 13 juin dernier, l\u2019organisation de la propri\u00e9t\u00e9 intellectuelle (Oapi), c\u00e9l\u00e9brait la 22eme journ\u00e9e africaine de la technologie et de la propri\u00e9t\u00e9 intellectuelle. Une journ\u00e9e qui se justifie d\u2019une part par l\u2019int\u00e9r\u00eat accord\u00e9 \u00e0 la propri\u00e9t\u00e9 intellectuelle et \u00e0 l\u2019innovation technologique au sein des Etats membres de l\u2019OAPI. Et d\u2019autre part qui met en lumi\u00e8re le r\u00f4le que joue l\u2019OAPI pour catalyser le d\u00e9veloppement technologique.<\/p>\n<p><strong>Lire aussi<\/strong> : <strong><a href=\"https:\/\/ecomatin.net\/oapi-une-cour-pour-garantir-la-securite-des-s-investissements\/\">OAPI : une cour pour garantir la s\u00e9curit\u00e9 des investissements<\/a><\/strong><\/p>\n<p>Dans son r\u00f4le de catalyser le d\u00e9veloppement technologique, l\u2019OAPI met en place des mesures institutionnelles et financi\u00e8res pour soutenir et promouvoir l\u2019innovation technologique dans les Etats membres. Il en est ainsi du soutien aux activit\u00e9s de recherche et d\u00e9veloppement technologique \u2013 en amont des d\u00e9p\u00f4ts des demandes de brevets \u2013 en faveur des chercheurs ; de la contribution aux frais de d\u00e9p\u00f4ts des demandes de brevets des inventeurs isol\u00e9s, des universit\u00e9s et centres de recherche ; tout comme la prise en charge des frais de participation au Salon africain de l\u2019invention et de l\u2019innovation technologique (Saiit) des inventeurs des pays membres.<\/p>\n<p><strong>Lire aussi<\/strong> : <strong><a href=\"https:\/\/ecomatin.net\/propriete-intellectuelle-le-gicam-interpelle-loapi-sur-le-faible-taux-de-brevets-pour-ses-membres\/\">Propri\u00e9t\u00e9 intellectuelle : le Gicam interpelle l\u2019Oapi sur le faible taux de brevets pour ses membres<\/a><\/strong><\/p>\n<p>Le Saiit dont il est question, est instrument majeur de promotion de l\u2019activit\u00e9 inventive. La derni\u00e8re \u00e9dition tenue \u00e0 Brazzaville, au Congo, du 15 au 18 Octobre 2020 sous le th\u00e8me \u00ab Propri\u00e9t\u00e9 Intellectuelle, Innovation et d\u00e9fis sanitaires \u00bb, a \u00e9t\u00e9 un grand moment de visibilit\u00e9 pour des solutions technologiques endog\u00e8nes dans le domaine de la sant\u00e9 \u00e0 travers une exposition physique et virtuelle des \u0153uvres en comp\u00e9tition pour les diff\u00e9rents prix.<\/p>\n<p><strong>Lire aussi<\/strong> : <strong><a href=\"https:\/\/ecomatin.net\/la-3e-edition-des-awardss-de-loapi-est-lancee\/\">La 3e \u00e9dition des awards de l\u2019Oapi est lanc\u00e9e<\/a><\/strong><\/p>\n<p>Indiquons par ailleurs que toujours dans ce contexte l\u2019OAPI a engag\u00e9 depuis 2020, une \u00e9tude sur un m\u00e9canisme de financement de l\u2019invention et de l\u2019innovation. Ce m\u00e9canisme, une fois mis en place, pourra aider \u00e0 r\u00e9soudre le probl\u00e8me de la valorisation des inventions et des innovations technologiques qui constituent la principale contrainte des inventeurs et innovateurs locaux.<\/p>\n<p>L\u2019article <a rel=\"nofollow\" href=\"https:\/\/ecomatin.net\/developpement-loapi-i-celebre-la-propriete-intellectuelle\/\">D\u00e9veloppement : l\u2019Oapi c\u00e9l\u00e8bre la propri\u00e9t\u00e9 intellectuelle<\/a> est apparu en premier sur <a rel=\"nofollow\" href=\"https:\/\/ecomatin.net\/\">EcoMatin<\/a>.<\/p>\n<\/div>\n<p>Auteur: Cindy MBALA<br \/>\n<a href=\"https:\/\/ecomatin.net\/developpement-loapi-i-celebre-la-propriete-intellectuelle\/\">Cliquez ici pour lire l&rsquo;article depuis sa source.<\/a><\/p>\n","protected":false},"excerpt":{"rendered":"<p>Le 13 juin dernier, l\u2019organisation de la propri\u00e9t\u00e9 intellectuelle (Oapi), c\u00e9l\u00e9brait la 22eme journ\u00e9e africaine de la technologie et de la propri\u00e9t\u00e9 intellectuelle. Une journ\u00e9e qui se justifie d\u2019une part par l\u2019int\u00e9r\u00eat accord\u00e9 \u00e0 la propri\u00e9t\u00e9 intellectuelle et \u00e0 l\u2019innovation technologique au sein des Etats membres de l\u2019OAPI. Et d\u2019autre part qui met en lumi\u00e8re [&hellip;]<\/p>\n","protected":false},"author":1969,"featured_media":0,"comment_status":"closed","ping_status":"closed","sticky":false,"template":"","format":"standard","meta":{"fifu_image_url":"","fifu_image_alt":"","footnotes":""},"categories":[82,78],"tags":[],"class_list":["post-127662","post","type-post","status-publish","format-standard","hentry","category-cameroun","category-economie"],"_links":{"self":[{"href":"https:\/\/linitiative.ca\/International\/wp-json\/wp\/v2\/posts\/127662","targetHints":{"allow":["GET"]}}],"collection":[{"href":"https:\/\/linitiative.ca\/International\/wp-json\/wp\/v2\/posts"}],"about":[{"href":"https:\/\/linitiative.ca\/International\/wp-json\/wp\/v2\/types\/post"}],"author":[{"embeddable":true,"href":"https:\/\/linitiative.ca\/International\/wp-json\/wp\/v2\/users\/1969"}],"replies":[{"embeddable":true,"href":"https:\/\/linitiative.ca\/International\/wp-json\/wp\/v2\/comments?post=127662"}],"version-history":[{"count":0,"href":"https:\/\/linitiative.ca\/International\/wp-json\/wp\/v2\/posts\/127662\/revisions"}],"wp:attachment":[{"href":"https:\/\/linitiative.ca\/International\/wp-json\/wp\/v2\/media?parent=127662"}],"wp:term":[{"taxonomy":"category","embeddable":true,"href":"https:\/\/linitiative.ca\/International\/wp-json\/wp\/v2\/categories?post=127662"},{"taxonomy":"post_tag","embeddable":true,"href":"https:\/\/linitiative.ca\/International\/wp-json\/wp\/v2\/tags?post=127662"}],"curies":[{"name":"wp","href":"https:\/\/api.w.org\/{rel}","templated":true}]}}