{"id":127663,"date":"2021-09-20T14:17:16","date_gmt":"2021-09-20T18:17:16","guid":{"rendered":"https:\/\/linitiative.ca\/International\/le-feicom-finance-la-construction-de-la-gare-routiere-de-mbalmayo-a-hauteur-de-915-millions-de-f\/"},"modified":"2021-09-20T14:17:16","modified_gmt":"2021-09-20T18:17:16","slug":"le-feicom-finance-la-construction-de-la-gare-routiere-de-mbalmayo-a-hauteur-de-915-millions-de-f","status":"publish","type":"post","link":"https:\/\/linitiative.ca\/International\/le-feicom-finance-la-construction-de-la-gare-routiere-de-mbalmayo-a-hauteur-de-915-millions-de-f\/","title":{"rendered":"Le Feicom finance la construction de la gare routi\u00e8re de Mbalmayo \u00e0 hauteur de 915 millions de F"},"content":{"rendered":"<div>\n<p>Dans le cadre du Programme de d\u00e9centralisation Feicom villes-moyennes (Pdvfm), le Fonds d\u2019\u00e9quipement et d\u2019intervention intercommunal (Feicom), a d\u00e9cid\u00e9 de financer la construction de la gare routi\u00e8re de la Commune de Mbalmayo, dans le d\u00e9partement du Nyong et So\u2019o, r\u00e9gion du Centre.<\/p>\n<p><strong>Lire aussi<\/strong> : <strong><a href=\"https:\/\/ecomatin.net\/amenagement-urbain-15-milliard-pour-desenclaver-le-siege-du-feicom\/\">Am\u00e9nagement urbain : 1,5 milliard pour d\u00e9senclaver le si\u00e8ge du Feicom<\/a><\/strong><\/p>\n<p>D\u2019un montant de 914,774 millions de Fcfa, les travaux de construction ont d\u00e9but\u00e9 le 18 juin 2020, avec \u00e0 la man\u0153uvre trois entreprises camerounaises. L\u2019infrastructure comprendra entre autre quatre quais d\u2019embarquement, plusieurs b\u00e2timents constitu\u00e9s de restaurants, d\u2019espaces ventes et de boutiques. L\u2019objectif ici \u00e9tant de favoriser l\u2019attractivit\u00e9 de la ville, pr\u00e9venir le d\u00e9veloppement des points d\u2019arr\u00eat mal coordonn\u00e9s et parsem\u00e9s, et permettre aux populations de b\u00e9n\u00e9ficier d\u2019une offre de transport suppl\u00e9mentaire.<\/p>\n<p>Notons par ailleurs que toujours dans le cadre du Programme de d\u00e9centralisation Feicom villes moyennes, la Commune de Mbalmayo, doit b\u00e9n\u00e9ficier d\u2019un autre projet. Il s\u2019agit du projet d\u2019assainissement et am\u00e9nagement de la vall\u00e9e de Konglo, pour un montant estimatif de 365 millions de Fcfa.<\/p>\n<p><strong>Lire aussi <\/strong>: <strong><a href=\"https:\/\/ecomatin.net\/en-6-mois-le-feicom-a-accorde-plus-de-11-milliards-de-fcfa-aux-communes\/\">En 6 mois, le Feicom a accord\u00e9 plus de 11 milliards de FCFA aux communes<\/a><\/strong><\/p>\n<p>Pour rappel, le Programme de d\u00e9centralisation Feicom Villes-Moyennes (Pdfvm) est une initiative financ\u00e9e par la R\u00e9publique F\u00e9d\u00e9rale d\u2019Allemagne \u00e0 travers la Banque Allemande de D\u00e9veloppement (KfW). Il vise \u00e0 appuyer le processus de d\u00e9centralisation, la transparence et la participation citoyenne au Cameroun \u00e0 travers le financement d\u2019infrastructures \u00e9conomiques et sociales dans les communes retenues. Il a pour objectif global de contribuer \u00e0 l\u2019am\u00e9lioration des options de la participation citoyenne et \u00e0 l\u2019acc\u00e8s des populations aux services de base, gr\u00e2ce \u00e0 une mise en \u0153uvre effective de la d\u00e9centralisation et d\u2019une administration efficiente de l\u2019Etat et des Collectivit\u00e9s Territoriales D\u00e9centralis\u00e9es (CTD).<\/p>\n<p><strong>Lire aussi<\/strong> : <strong><a href=\"https:\/\/ecomatin.net\/developpement-local-le-feicom-debloque-13-milliards-de-fcfa-a-41-ctd\/\">D\u00e9veloppement local : le Feicom d\u00e9bloque 13 milliards de Fcfa \u00e0 41 CTD<\/a><\/strong><\/p>\n<p>L\u2019article <a rel=\"nofollow\" href=\"https:\/\/ecomatin.net\/le-feicom-finance-la-construction-n-de-la-gare-routiere-de-mbalmayo-a-hauteur-de-915-millions-de-f\/\">Le Feicom finance la construction de la gare routi\u00e8re de Mbalmayo \u00e0 hauteur de 915 millions de F<\/a> est apparu en premier sur <a rel=\"nofollow\" href=\"https:\/\/ecomatin.net\/\">EcoMatin<\/a>.<\/p>\n<\/div>\n<p>Auteur: Cindy MBALA<br \/>\n<a href=\"https:\/\/ecomatin.net\/le-feicom-finance-la-construction-n-de-la-gare-routiere-de-mbalmayo-a-hauteur-de-915-millions-de-f\/\">Cliquez ici pour lire l&rsquo;article depuis sa source.<\/a><\/p>\n","protected":false},"excerpt":{"rendered":"<p>Dans le cadre du Programme de d\u00e9centralisation Feicom villes-moyennes (Pdvfm), le Fonds d\u2019\u00e9quipement et d\u2019intervention intercommunal (Feicom), a d\u00e9cid\u00e9 de financer la construction de la gare routi\u00e8re de la Commune de Mbalmayo, dans le d\u00e9partement du Nyong et So\u2019o, r\u00e9gion du Centre. Lire aussi : Am\u00e9nagement urbain : 1,5 milliard pour d\u00e9senclaver le si\u00e8ge du [&hellip;]<\/p>\n","protected":false},"author":1969,"featured_media":0,"comment_status":"closed","ping_status":"closed","sticky":false,"template":"","format":"standard","meta":{"fifu_image_url":"","fifu_image_alt":"","footnotes":""},"categories":[82,78],"tags":[],"class_list":["post-127663","post","type-post","status-publish","format-standard","hentry","category-cameroun","category-economie"],"_links":{"self":[{"href":"https:\/\/linitiative.ca\/International\/wp-json\/wp\/v2\/posts\/127663","targetHints":{"allow":["GET"]}}],"collection":[{"href":"https:\/\/linitiative.ca\/International\/wp-json\/wp\/v2\/posts"}],"about":[{"href":"https:\/\/linitiative.ca\/International\/wp-json\/wp\/v2\/types\/post"}],"author":[{"embeddable":true,"href":"https:\/\/linitiative.ca\/International\/wp-json\/wp\/v2\/users\/1969"}],"replies":[{"embeddable":true,"href":"https:\/\/linitiative.ca\/International\/wp-json\/wp\/v2\/comments?post=127663"}],"version-history":[{"count":0,"href":"https:\/\/linitiative.ca\/International\/wp-json\/wp\/v2\/posts\/127663\/revisions"}],"wp:attachment":[{"href":"https:\/\/linitiative.ca\/International\/wp-json\/wp\/v2\/media?parent=127663"}],"wp:term":[{"taxonomy":"category","embeddable":true,"href":"https:\/\/linitiative.ca\/International\/wp-json\/wp\/v2\/categories?post=127663"},{"taxonomy":"post_tag","embeddable":true,"href":"https:\/\/linitiative.ca\/International\/wp-json\/wp\/v2\/tags?post=127663"}],"curies":[{"name":"wp","href":"https:\/\/api.w.org\/{rel}","templated":true}]}}