{"id":127671,"date":"2021-09-21T10:00:25","date_gmt":"2021-09-21T14:00:25","guid":{"rendered":"https:\/\/linitiative.ca\/International\/sabir-algandouzi-nous-tenons-a-contribuer-et-a-soutenir-la-creation-artistique\/"},"modified":"2021-09-21T10:00:25","modified_gmt":"2021-09-21T14:00:25","slug":"sabir-algandouzi-nous-tenons-a-contribuer-et-a-soutenir-la-creation-artistique","status":"publish","type":"post","link":"https:\/\/linitiative.ca\/International\/sabir-algandouzi-nous-tenons-a-contribuer-et-a-soutenir-la-creation-artistique\/","title":{"rendered":"Sabir Algandouzi : \u00abNous tenons \u00e0 contribuer et \u00e0 soutenir  la cr\u00e9ation artistique\u00bb"},"content":{"rendered":"<div>\n<p><img decoding=\"async\" width=\"300\" height=\"153\" src=\"https:\/\/linitiative.ca\/International\/wp-content\/uploads\/sites\/23\/2021\/09\/Najat-Sabir-Algandouzi-responsable-de-la-Galerie-Delacroix-300x153-1.jpg\" class=\"attachment-medium size-medium wp-post-image\" alt=\"\" loading=\"lazy\" srcset=\"\/\/aujourdhui.ma\/wp-content\/uploads\/2021\/09\/Najat-Sabir-Algandouzi-responsable-de-la-Galerie-Delacroix-300x153.jpg 300w, \/\/aujourdhui.ma\/wp-content\/uploads\/2021\/09\/Najat-Sabir-Algandouzi-responsable-de-la-Galerie-Delacroix-274x140.jpg 274w, \/\/aujourdhui.ma\/wp-content\/uploads\/2021\/09\/Najat-Sabir-Algandouzi-responsable-de-la-Galerie-Delacroix.jpg 746w, \/\/aujourdhui.ma\/wp-content\/uploads\/2021\/09\/Najat-Sabir-Algandouzi-responsable-de-la-Galerie-Delacroix-165x84.jpg 165w, \/\/aujourdhui.ma\/wp-content\/uploads\/2021\/09\/Najat-Sabir-Algandouzi-responsable-de-la-Galerie-Delacroix-702x358.jpg 702w\" sizes=\"auto, (max-width: 300px) 100vw, 300px\"><\/p>\n<p><span style=\"font-size: 20px; color: #800000;\"><strong>Najat Sabir Algandouzi, responsable de la Galerie Delacroix \u00e0 Tanger<\/strong><\/span><span id=\"more-387173\"><\/span><\/p>\n<p><span style=\"color: #ff0000;\">Dans cet entretien, Najat Sabir Algandouzi parle du lancement de la rentr\u00e9e culturelle 2021-2022 ainsi que des projets de partenariat avec d\u2019autres acteurs culturels et associatifs \u00e0 Tanger.<\/span><\/p>\n<p><strong>ALM : Qu\u2019est-ce que vous avez pr\u00e9par\u00e9 pour cette rentr\u00e9e <\/strong><strong>culturelle ?<\/strong><\/p>\n<p><span style=\"color: #ff0000;\"><strong>Najat Sabir Algandouzi :<\/strong><\/span> C\u2019est une programmation riche qui nous attend et nous sommes tr\u00e8s heureux au sein de la Galerie Delacroix de continuer nos activit\u00e9s dans le strict respect des r\u00e8gles sanitaires en vigueur. Nous sommes en train de d\u00e9crocher les \u00e9toiles de l\u2019exposition de Mohamed Mrabet et Mostapha Ben Malek que nous venons d\u2019organiser en partenariat avec la Galerie Artingis et ce pour accueillir celle de l\u2019artiste fran\u00e7ais Ernest Pignon-Ernest, dont le vernissage est pr\u00e9vu le 1er octobre et se poursuit jusqu\u2019au 30 novembre dans le cadre du parcours des arts de Tanger. Il est consid\u00e9r\u00e9 comme l\u2019un des pr\u00e9curseurs de l\u2019art urbain en France qui va nous pr\u00e9senter des \u0153uvres in\u00e9dites. Nous participons \u00e0 une exposition collective organis\u00e9e par 12 galeries dans le cadre du parcours des arts de Tanger. Cette exposition collective, dont le vernissage est pr\u00e9vu le 1er octobre \u00e0 la galerie d\u2019art contemporain Mohamed Drissi, constitue un temps fort de la programmation de la Galerie Delacroix. Nous allons cl\u00f4turer l\u2019ann\u00e9e 2021 avec le vernissage de l\u2019exposition num\u00e9rique de Julien Poidevin. C\u2019est un artiste interm\u00e9dia qui pr\u00e9sentera des installations audiovisuelles con\u00e7ues pour la Galerie Delacroix.<\/p>\n<p><strong>Quelles sont vos activit\u00e9s les plus importantes programm\u00e9es pour l\u2019ann\u00e9e 2022 ?<\/strong><\/p>\n<p>Nous travaillons beaucoup et continuons de pr\u00e9senter des \u0153uvres d\u2019artistes de r\u00e9f\u00e9rence et de jeunes talents en d\u00e9pit de cette situation sanitaire particuli\u00e8re. Nous aurons une exposition de Mounir Fatmi en 2022. C\u2019est une occasion pour le public de d\u00e9couvrir des \u0153uvres de cet artiste multim\u00e9dia marocain, qui vit entre Paris et Tanger. Nous programmons une exposition individuelle d\u2019Amina Ben Bouchetta et une autre de Safae Ikhlas. Nous cherchons ainsi \u00e0 privil\u00e9gier les artistes femmes \u00e0 travers un programme riche en activit\u00e9s.<\/p>\n<p><a href=\"https:\/\/linitiative.ca\/International\/wp-content\/uploads\/sites\/23\/2021\/09\/Najat-Sabir-Algandouzi-responsable-de-la-Galerie-Delacroix-1.jpg\"><img decoding=\"async\" loading=\"lazy\" class=\"aligncenter size-full wp-image-387176\" src=\"https:\/\/linitiative.ca\/International\/wp-content\/uploads\/sites\/23\/2021\/09\/Najat-Sabir-Algandouzi-responsable-de-la-Galerie-Delacroix-1.jpg\" alt=\"\" width=\"746\" height=\"380\" srcset=\"\/\/aujourdhui.ma\/wp-content\/uploads\/2021\/09\/Najat-Sabir-Algandouzi-responsable-de-la-Galerie-Delacroix-1.jpg 746w, \/\/aujourdhui.ma\/wp-content\/uploads\/2021\/09\/Najat-Sabir-Algandouzi-responsable-de-la-Galerie-Delacroix-1-300x153.jpg 300w, \/\/aujourdhui.ma\/wp-content\/uploads\/2021\/09\/Najat-Sabir-Algandouzi-responsable-de-la-Galerie-Delacroix-1-274x140.jpg 274w, \/\/aujourdhui.ma\/wp-content\/uploads\/2021\/09\/Najat-Sabir-Algandouzi-responsable-de-la-Galerie-Delacroix-1-165x84.jpg 165w, \/\/aujourdhui.ma\/wp-content\/uploads\/2021\/09\/Najat-Sabir-Algandouzi-responsable-de-la-Galerie-Delacroix-1-702x358.jpg 702w\" sizes=\"auto, (max-width: 746px) 100vw, 746px\"><\/a><\/p>\n<p><strong>Quelle est la particularit\u00e9 de la r\u00e9sidence nomade organis\u00e9e par l\u2019Institut fran\u00e7ais dans le cadre de cette nouvelle rentr\u00e9e culturelle ?<\/strong><\/p>\n<p>Les r\u00e9sidences constituent pour nous un outil fort permettant de favoriser la coop\u00e9ration culturelle et nous tenons ainsi \u00e0 contribuer et \u00e0 soutenir la cr\u00e9ation artistique. Ainsi, nous venons d\u2019accueillir quatre artistes et auteurs de bandes dessin\u00e9es, en l\u2019occurrence Aude Massot, Amruta Patil, Pierre Alexandre Lecrenier et Gaston, de son vrai nom Alain R\u00e9my, ainsi que Djazia Perrier, vid\u00e9aste. Ils partent ensuite \u00e0 T\u00e9touan, Chechaouen, Moulay Idriss jusqu\u2019\u00e0 Mekn\u00e8s. Ils vont suivre le parcours du peintre Eug\u00e8ne Delacroix et faire un carnet de voyage, qui sera \u00e9dit\u00e9. Nous pr\u00e9voyons en plus de cette r\u00e9sidence nomade plusieurs autres, dont certaines avaient \u00e9t\u00e9 d\u00e9cal\u00e9es \u00e0 cause de la pand\u00e9mie.<\/p>\n<p><strong>Avez-vous des projets de partenariat avec d\u2019autres galeries \u00e0 Tanger ?<\/strong><\/p>\n<p>Nous travaillons beaucoup pour contribuer \u00e0 la promotion de la cr\u00e9ation artistique et sommes ainsi toujours \u00e0 la recherche de partenaires pour la r\u00e9alisation d\u2019un grand nombre d\u2019activit\u00e9s ensemble. Comme je viens de le l\u2019\u00e9voquer au d\u00e9but, nous avons organis\u00e9 l\u2019exposition de Mohamed Mrabet et Mostapha Ben Malek en partenariat avec la Galerie Artingis. Nous aurons naturellement d\u2019autres collaborations avec d\u2019autres galeries, mais aussi avec des associations \u00e0 travers des actions et projets nous permettant de s\u2019ouvrir \u00e0 un large public.<\/p>\n<p><a href=\"https:\/\/linitiative.ca\/International\/wp-content\/uploads\/sites\/23\/2021\/09\/Najat-Sabir-Algandouzi-responsable-de-la-Galerie-Delacroix-Exposition.jpg\"><img decoding=\"async\" loading=\"lazy\" class=\"aligncenter size-full wp-image-387175\" src=\"https:\/\/linitiative.ca\/International\/wp-content\/uploads\/sites\/23\/2021\/09\/Najat-Sabir-Algandouzi-responsable-de-la-Galerie-Delacroix-Exposition.jpg\" alt=\"\" width=\"746\" height=\"380\" srcset=\"\/\/aujourdhui.ma\/wp-content\/uploads\/2021\/09\/Najat-Sabir-Algandouzi-responsable-de-la-Galerie-Delacroix-Exposition.jpg 746w, \/\/aujourdhui.ma\/wp-content\/uploads\/2021\/09\/Najat-Sabir-Algandouzi-responsable-de-la-Galerie-Delacroix-Exposition-300x153.jpg 300w, \/\/aujourdhui.ma\/wp-content\/uploads\/2021\/09\/Najat-Sabir-Algandouzi-responsable-de-la-Galerie-Delacroix-Exposition-274x140.jpg 274w, \/\/aujourdhui.ma\/wp-content\/uploads\/2021\/09\/Najat-Sabir-Algandouzi-responsable-de-la-Galerie-Delacroix-Exposition-165x84.jpg 165w, \/\/aujourdhui.ma\/wp-content\/uploads\/2021\/09\/Najat-Sabir-Algandouzi-responsable-de-la-Galerie-Delacroix-Exposition-702x358.jpg 702w\" sizes=\"auto, (max-width: 746px) 100vw, 746px\"><\/a><\/p>\n<\/div>\n<p>Auteur: Najat Fa\u00efssal<br \/>\n<a href=\"https:\/\/aujourdhui.ma\/culture\/sabir-algandouzi-nous-tenons-a-contribuer-et-a-soutenir-la-creation-artistique\">Cliquez ici pour lire l&rsquo;article depuis sa source.<\/a><\/p>\n","protected":false},"excerpt":{"rendered":"<p>Najat Sabir Algandouzi, responsable de la Galerie Delacroix \u00e0 Tanger Dans cet entretien, Najat Sabir Algandouzi parle du lancement de la rentr\u00e9e culturelle 2021-2022 ainsi que des projets de partenariat avec d\u2019autres acteurs culturels et associatifs \u00e0 Tanger. ALM : Qu\u2019est-ce que vous avez pr\u00e9par\u00e9 pour cette rentr\u00e9e culturelle ? Najat Sabir Algandouzi : C\u2019est [&hellip;]<\/p>\n","protected":false},"author":1759,"featured_media":0,"comment_status":"closed","ping_status":"closed","sticky":false,"template":"","format":"standard","meta":{"fifu_image_url":"https:\/\/aujourdhui.ma\/wp-content\/uploads\/2021\/09\/Najat-Sabir-Algandouzi-responsable-de-la-Galerie-Delacroix-300x153.jpg","fifu_image_alt":"Sabir Algandouzi : \u00abNous tenons \u00e0 contribuer et \u00e0 soutenir  la cr\u00e9ation artistique\u00bb","footnotes":""},"categories":[73,54],"tags":[],"class_list":["post-127671","post","type-post","status-publish","format-standard","hentry","category-actualite","category-maroc"],"_links":{"self":[{"href":"https:\/\/linitiative.ca\/International\/wp-json\/wp\/v2\/posts\/127671","targetHints":{"allow":["GET"]}}],"collection":[{"href":"https:\/\/linitiative.ca\/International\/wp-json\/wp\/v2\/posts"}],"about":[{"href":"https:\/\/linitiative.ca\/International\/wp-json\/wp\/v2\/types\/post"}],"author":[{"embeddable":true,"href":"https:\/\/linitiative.ca\/International\/wp-json\/wp\/v2\/users\/1759"}],"replies":[{"embeddable":true,"href":"https:\/\/linitiative.ca\/International\/wp-json\/wp\/v2\/comments?post=127671"}],"version-history":[{"count":0,"href":"https:\/\/linitiative.ca\/International\/wp-json\/wp\/v2\/posts\/127671\/revisions"}],"wp:attachment":[{"href":"https:\/\/linitiative.ca\/International\/wp-json\/wp\/v2\/media?parent=127671"}],"wp:term":[{"taxonomy":"category","embeddable":true,"href":"https:\/\/linitiative.ca\/International\/wp-json\/wp\/v2\/categories?post=127671"},{"taxonomy":"post_tag","embeddable":true,"href":"https:\/\/linitiative.ca\/International\/wp-json\/wp\/v2\/tags?post=127671"}],"curies":[{"name":"wp","href":"https:\/\/api.w.org\/{rel}","templated":true}]}}