{"id":127677,"date":"2021-09-20T14:00:00","date_gmt":"2021-09-20T18:00:00","guid":{"rendered":"https:\/\/linitiative.ca\/International\/boubker-monkachi-tire-sa-reverence\/"},"modified":"2021-09-20T14:00:00","modified_gmt":"2021-09-20T18:00:00","slug":"boubker-monkachi-tire-sa-reverence","status":"publish","type":"post","link":"https:\/\/linitiative.ca\/International\/boubker-monkachi-tire-sa-reverence\/","title":{"rendered":"Boubker Monkachi tire sa r\u00e9v\u00e9rence"},"content":{"rendered":"<div>\n<p class=\"has-text-align-center has-vivid-red-color has-text-color\"><strong>Un v\u00e9t\u00e9ran de la presse nous quitte<\/strong><\/p>\n<p class=\"has-black-color has-text-color\"><strong>Le journaliste, intellectuel et communicateur Boubker Monkachi est d\u00e9c\u00e9d\u00e9, dimanche \u00e0 Casablanca, \u00e0 l\u2019\u00e2ge de 78 ans.<\/strong><\/p>\n<p class=\"has-black-color has-text-color\">Le d\u00e9funt est consid\u00e9r\u00e9 comme l\u2019une des figures professionnelles \u00e9minentes de l\u2019histoire de la presse marocaine. Il avait rejoint l\u2019Union marocaine du travail- UMT- dans les ann\u00e9es soixante-dix du si\u00e8cle dernier, o\u00f9 il avait pris en charge la direction de la communication et des relations internationales.<\/p>\n<p class=\"has-black-color has-text-color\">En 1972, le d\u00e9funt a travaill\u00e9 dans le journal : \u00ab L\u2019avant-garde \u00bb, organe de l\u2019UMT, dont il a \u00e9t\u00e9 le secr\u00e9taire de r\u00e9daction, avant de rejoindre le quotidien \u00ab Maghreb Information \u00bb, pendant deux ans, en succ\u00e9dant \u00e0 feu Si Mohamed Laghlam, en tant que directeur de publication.<\/p>\n<p class=\"has-black-color has-text-color\">En 1976, le d\u00e9funt a rejoint l\u2019agence Maghreb Arabe Presse \u2013 MAP-, o\u00f9 il a dirig\u00e9 le d\u00e9partement \u00e9conomique et social, jusqu\u2019en 1982.<\/p>\n<p class=\"has-black-color has-text-color\">Par la suite, il a accompli plusieurs missions de presse, avant d\u2019occuper le poste de directeur de la communication et de l\u2019information \u00e0 la Conf\u00e9d\u00e9ration g\u00e9n\u00e9rale des Entrepreneurs au Maroc \u2013 CGEM.<\/p>\n<p class=\"has-black-color has-text-color\">Natif d\u2019Ouezzane, Monkachi \u00e9tait connu, en plus de sa carri\u00e8re de journaliste, pour \u00eatre un expert en communication strat\u00e9gique.<\/p>\n<p class=\"has-black-color has-text-color\">Il a \u00e9galement \u00e9t\u00e9 engag\u00e9 pendant de nombreuses ann\u00e9es au sein de l\u2019Union marocaine du travail et dans l\u2019action syndicale. Ce qui lui a permis de nouer de nombreuses relations et amiti\u00e9s dans les cercles politiques et culturels progressistes.<\/p>\n<p class=\"has-black-color has-text-color\">Le d\u00e9c\u00e8s de Boubker Monkachi a laiss\u00e9 une profonde tristesse dans le corps m\u00e9diatique national et parmi sa famille, ses proches, ses connaissances et amis.<\/p>\n<p class=\"has-black-color has-text-color\">Face \u00e0 cette douloureuse perte, le directeur de la publication d\u2019 \u00ab ALBAYANE \u00bb et son comit\u00e9 de r\u00e9daction pr\u00e9sentent leurs sinc\u00e8res condol\u00e9ances \u00e0 toute la famille du d\u00e9funt, \u00e0 ses enfants, petits-enfants et beaux-parents, ainsi qu\u2019\u00e0 tous ses amis.<\/p>\n<p class=\"has-black-color has-text-color\">A tous, nous implorons le Tout puissant de leur accorder patience et consolation, et au regrett\u00e9 d\u00e9funt Sa sainte mis\u00e9ricorde.<\/p>\n<p class=\"has-black-color has-text-color\">\u00ab Nous somme \u00e0 Dieu et \u00e0 Lui nous retournons \u00bb<\/p>\n<p>L\u2019article <a rel=\"nofollow\" href=\"http:\/\/albayane.press.ma\/boubker-monkachi-tire-sa-reverence.html\">Boubker Monkachi tire sa r\u00e9v\u00e9rence<\/a> est apparu en premier sur <a rel=\"nofollow\" href=\"http:\/\/albayane.press.ma\/\">ALBAYANE<\/a>.<\/p>\n<\/div>\n<p>Auteur: M&rsquo;hammed rahal<br \/>\n<a href=\"http:\/\/albayane.press.ma\/boubker-monkachi-tire-sa-reverence.html\">Cliquez ici pour lire l&rsquo;article depuis sa source.<\/a><\/p>\n","protected":false},"excerpt":{"rendered":"<p>Un v\u00e9t\u00e9ran de la presse nous quitte Le journaliste, intellectuel et communicateur Boubker Monkachi est d\u00e9c\u00e9d\u00e9, dimanche \u00e0 Casablanca, \u00e0 l\u2019\u00e2ge de 78 ans. Le d\u00e9funt est consid\u00e9r\u00e9 comme l\u2019une des figures professionnelles \u00e9minentes de l\u2019histoire de la presse marocaine. Il avait rejoint l\u2019Union marocaine du travail- UMT- dans les ann\u00e9es soixante-dix du si\u00e8cle dernier, [&hellip;]<\/p>\n","protected":false},"author":1760,"featured_media":0,"comment_status":"closed","ping_status":"closed","sticky":false,"template":"","format":"standard","meta":{"fifu_image_url":"","fifu_image_alt":"","footnotes":""},"categories":[73,54],"tags":[],"class_list":["post-127677","post","type-post","status-publish","format-standard","hentry","category-actualite","category-maroc"],"_links":{"self":[{"href":"https:\/\/linitiative.ca\/International\/wp-json\/wp\/v2\/posts\/127677","targetHints":{"allow":["GET"]}}],"collection":[{"href":"https:\/\/linitiative.ca\/International\/wp-json\/wp\/v2\/posts"}],"about":[{"href":"https:\/\/linitiative.ca\/International\/wp-json\/wp\/v2\/types\/post"}],"author":[{"embeddable":true,"href":"https:\/\/linitiative.ca\/International\/wp-json\/wp\/v2\/users\/1760"}],"replies":[{"embeddable":true,"href":"https:\/\/linitiative.ca\/International\/wp-json\/wp\/v2\/comments?post=127677"}],"version-history":[{"count":0,"href":"https:\/\/linitiative.ca\/International\/wp-json\/wp\/v2\/posts\/127677\/revisions"}],"wp:attachment":[{"href":"https:\/\/linitiative.ca\/International\/wp-json\/wp\/v2\/media?parent=127677"}],"wp:term":[{"taxonomy":"category","embeddable":true,"href":"https:\/\/linitiative.ca\/International\/wp-json\/wp\/v2\/categories?post=127677"},{"taxonomy":"post_tag","embeddable":true,"href":"https:\/\/linitiative.ca\/International\/wp-json\/wp\/v2\/tags?post=127677"}],"curies":[{"name":"wp","href":"https:\/\/api.w.org\/{rel}","templated":true}]}}