{"id":127678,"date":"2021-09-20T14:00:00","date_gmt":"2021-09-20T18:00:00","guid":{"rendered":"https:\/\/linitiative.ca\/International\/les-emmy-awards-de-retour-en-chair-et-en-os\/"},"modified":"2021-09-20T14:00:00","modified_gmt":"2021-09-20T18:00:00","slug":"les-emmy-awards-de-retour-en-chair-et-en-os","status":"publish","type":"post","link":"https:\/\/linitiative.ca\/International\/les-emmy-awards-de-retour-en-chair-et-en-os\/","title":{"rendered":"Les Emmy Awards de retour en chair et en os"},"content":{"rendered":"<div>\n<p class=\"has-text-align-center has-vivid-red-color has-text-color\"><strong>Une 73e \u00e9dition pleine de vie<\/strong><\/p>\n<p class=\"has-black-color has-text-color\"><strong>Les stars du petit \u00e9cran se sont r\u00e9unies dimanche pour la premi\u00e8re fois depuis le d\u00e9but de la pand\u00e9mie sur le plateau des Emmy Awards, r\u00e9compenses phares de la t\u00e9l\u00e9vision am\u00e9ricaine, pour une 73e \u00e9dition o\u00f9 Netflix et \u00ab\u00a0The Crown\u00a0\u00bb sont donn\u00e9s favoris.<\/strong><\/p>\n<p class=\"has-black-color has-text-color\">Si la s\u00e9rie consacr\u00e9e \u00e0 la famille royale britannique l\u2019emporte face \u00e0 son concurrent \u00ab\u00a0The Mandalorian\u00a0\u00bb, qui se d\u00e9roule dans l\u2019univers de Star Wars, Netflix aura enfin atteint la cons\u00e9cration qui lui \u00e9chappe depuis tant d\u2019ann\u00e9es.<br \/>Depuis son lancement en 2007, la plateforme de vid\u00e9o \u00e0 la demande a collectionn\u00e9 les nominations mais n\u2019a jamais remport\u00e9 aucun Emmy Award dans les cat\u00e9gories prestigieuses de la meilleure s\u00e9rie dramatique, meilleure com\u00e9die ou meilleure s\u00e9rie limit\u00e9e (qui ne sont pas destin\u00e9es \u00e0 durer plus d\u2019une saison).<\/p>\n<p class=\"has-black-color has-text-color\">Augure favorable? La quatri\u00e8me saison de \u00ab\u00a0The Crown\u00a0\u00bb a rafl\u00e9 coup sur coup en d\u00e9but de soir\u00e9e les Emmys du sc\u00e9nario, de la r\u00e9alisation et des deux seconds r\u00f4les: Gillian Anderson (\u00ab\u00a0X-Files\u00a0\u00bb) pour son r\u00f4le de Margaret Thatcher et Tobias Menzies qui incarne le prince Philip.<\/p>\n<p class=\"has-black-color has-text-color\">Netflix peut aussi compter dimanche sur une autre pi\u00e8ce ma\u00eetresse, \u00ab\u00a0Le Jeu de la dame\u00a0\u00bb qui a fait exploser les inscriptions dans les clubs d\u2019\u00e9checs. Ce succ\u00e8s plan\u00e9taire, avec Anya Taylor-Joy en prodige des \u00e9checs tourment\u00e9e, est donn\u00e9 favori dans la cat\u00e9gorie des s\u00e9ries limit\u00e9es (aussi appel\u00e9es minis\u00e9ries).<\/p>\n<p class=\"has-black-color has-text-color\">Preuve de l\u2019int\u00e9r\u00eat croissant pour ce format, la c\u00e9r\u00e9monie de dimanche a boulevers\u00e9 l\u2019ordre \u00e9tabli: la remise du prix de la meilleure s\u00e9rie dramatique, cat\u00e9gorie embl\u00e9matique qui cl\u00f4turait g\u00e9n\u00e9ralement la soir\u00e9e, c\u00e8de cette ann\u00e9e la place \u00e0 l\u2019Emmy Award de la meilleure s\u00e9rie limit\u00e9e.<\/p>\n<p class=\"has-black-color has-text-color\">\u00ab\u00a0+The Crown+ semble enfin sur le point de conna\u00eetre son grand moment\u00a0\u00bb, d\u00e9clarait avant la c\u00e9r\u00e9monie Clayton Davis, sp\u00e9cialiste des prix et r\u00e9compenses pour le magazine Variety, une r\u00e9f\u00e9rence en mati\u00e8re de divertissement.<br \/>Apr\u00e8s un hommage en musique au rappeur Biz Markie, mort cet \u00e9t\u00e9, les premi\u00e8res r\u00e9compenses de la soir\u00e9e \u00e9taient all\u00e9es \u00e0 Apple TV+ pour \u00ab\u00a0Ted Lasso\u00a0\u00bb, avec des Emmys pour des seconds r\u00f4les \u00e0 Hannah Waddingham et Brett Goldstein. Grande favorite dans la cat\u00e9gorie des com\u00e9dies, la s\u00e9rie met en sc\u00e8ne un entra\u00eeneur de football am\u00e9ricain (jou\u00e9 par Jason Sudeikis) totalement perdu lorsqu\u2019il passe aux commandes d\u2019une \u00e9quipe de ballon rond anglaise.<\/p>\n<p class=\"has-black-color has-text-color\">L\u00e9g\u00a05: L\u2019\u00e9dition de cette ann\u00e9e \u00e0 rendu un vibrant hommage posthume en musique au rappeur Biz Markie, mort cet \u00e9t\u00e9<\/p>\n<p class=\"has-black-color has-text-color\">Leg 3\u00a0: Kate Winslet, meilleure actrice dans une mini-s\u00e9rie avec \u00ab\u00a0Mare of Easttown\u00a0\u00bb<\/p>\n<p>L\u2019article <a rel=\"nofollow\" href=\"http:\/\/albayane.press.ma\/les-emmy-awards-de-retour-en-chair-et-en-os.html\">Les Emmy Awards de retour en chair et en os<\/a> est apparu en premier sur <a rel=\"nofollow\" href=\"http:\/\/albayane.press.ma\/\">ALBAYANE<\/a>.<\/p>\n<\/div>\n<p>Auteur: M&rsquo;hammed rahal<br \/>\n<a href=\"http:\/\/albayane.press.ma\/les-emmy-awards-de-retour-en-chair-et-en-os.html\">Cliquez ici pour lire l&rsquo;article depuis sa source.<\/a><\/p>\n","protected":false},"excerpt":{"rendered":"<p>Une 73e \u00e9dition pleine de vie Les stars du petit \u00e9cran se sont r\u00e9unies dimanche pour la premi\u00e8re fois depuis le d\u00e9but de la pand\u00e9mie sur le plateau des Emmy Awards, r\u00e9compenses phares de la t\u00e9l\u00e9vision am\u00e9ricaine, pour une 73e \u00e9dition o\u00f9 Netflix et \u00ab\u00a0The Crown\u00a0\u00bb sont donn\u00e9s favoris. Si la s\u00e9rie consacr\u00e9e \u00e0 la [&hellip;]<\/p>\n","protected":false},"author":1760,"featured_media":0,"comment_status":"closed","ping_status":"closed","sticky":false,"template":"","format":"standard","meta":{"fifu_image_url":"","fifu_image_alt":"","footnotes":""},"categories":[73,54],"tags":[],"class_list":["post-127678","post","type-post","status-publish","format-standard","hentry","category-actualite","category-maroc"],"_links":{"self":[{"href":"https:\/\/linitiative.ca\/International\/wp-json\/wp\/v2\/posts\/127678","targetHints":{"allow":["GET"]}}],"collection":[{"href":"https:\/\/linitiative.ca\/International\/wp-json\/wp\/v2\/posts"}],"about":[{"href":"https:\/\/linitiative.ca\/International\/wp-json\/wp\/v2\/types\/post"}],"author":[{"embeddable":true,"href":"https:\/\/linitiative.ca\/International\/wp-json\/wp\/v2\/users\/1760"}],"replies":[{"embeddable":true,"href":"https:\/\/linitiative.ca\/International\/wp-json\/wp\/v2\/comments?post=127678"}],"version-history":[{"count":0,"href":"https:\/\/linitiative.ca\/International\/wp-json\/wp\/v2\/posts\/127678\/revisions"}],"wp:attachment":[{"href":"https:\/\/linitiative.ca\/International\/wp-json\/wp\/v2\/media?parent=127678"}],"wp:term":[{"taxonomy":"category","embeddable":true,"href":"https:\/\/linitiative.ca\/International\/wp-json\/wp\/v2\/categories?post=127678"},{"taxonomy":"post_tag","embeddable":true,"href":"https:\/\/linitiative.ca\/International\/wp-json\/wp\/v2\/tags?post=127678"}],"curies":[{"name":"wp","href":"https:\/\/api.w.org\/{rel}","templated":true}]}}