{"id":127679,"date":"2021-09-20T14:00:00","date_gmt":"2021-09-20T18:00:00","guid":{"rendered":"https:\/\/linitiative.ca\/International\/the-crown-et-ted-lasso-raflent-la-mise\/"},"modified":"2021-09-20T14:00:00","modified_gmt":"2021-09-20T18:00:00","slug":"the-crown-et-ted-lasso-raflent-la-mise","status":"publish","type":"post","link":"https:\/\/linitiative.ca\/International\/the-crown-et-ted-lasso-raflent-la-mise\/","title":{"rendered":"\u00abThe Crown\u00bb et \u00abTed Lasso\u00bb raflent la mise"},"content":{"rendered":"<div>\n<p class=\"has-black-color has-text-color\"><strong>La plateforme Netflix a obtenu dimanche la cons\u00e9cration qui lui \u00e9chappait depuis tant d\u2019ann\u00e9es: sa production \u00ab\u00a0The Crown\u00a0\u00bb, qui retrace de mani\u00e8re romanc\u00e9e la vie de la famille royale britannique, a d\u00e9croch\u00e9 l\u2019Emmy Award de la \u00ab\u00a0meilleure s\u00e9rie dramatique\u00a0\u00bb et rafl\u00e9 tous les prix d\u2019acteurs dans sa cat\u00e9gorie.<\/strong><\/p>\n<p class=\"has-black-color has-text-color\">C\u00f4t\u00e9 com\u00e9die, c\u2019est \u00ab\u00a0Ted Lasso\u00a0\u00bb qui remporte le titre, avec \u00e9galement des Emmy Awards, \u00e9quivalent des Oscars de la t\u00e9l\u00e9vision am\u00e9ricaine, pour trois de ses acteurs.<\/p>\n<p class=\"has-black-color has-text-color\">Netflix r\u00e9ussit m\u00eame un doubl\u00e9 pour cette 73e \u00e9dition gr\u00e2ce au \u00ab\u00a0Jeu de la Dame\u00a0\u00bb qui a mis \u00e9chec et mat ses concurrentes en remportant le troph\u00e9e de la meilleure mini-s\u00e9rie avec ce succ\u00e8s plan\u00e9taire.<\/p>\n<p class=\"has-black-color has-text-color\">La plateforme de vid\u00e9o \u00e0 la demande r\u00e9colte un total de 44 Emmy Awards cette saison, \u00e9galant le record \u00e9tabli par la cha\u00eene CBS en 1974, quand les s\u00e9ries \u00e9taient exclusivement diffus\u00e9es sur les ondes hertziennes et leur fr\u00e9quence hebdomadaire.<\/p>\n<p class=\"has-black-color has-text-color\">Depuis son lancement en 2007, Netflix avait collectionn\u00e9 les nominations sans remporter jusqu\u2019\u00e0 pr\u00e9sent d\u2019Emmy Award dans les cat\u00e9gories les plus prestigieuses.<\/p>\n<p class=\"has-black-color has-text-color\">Les stars du petit \u00e9cran s\u2019\u00e9taient r\u00e9unies dimanche \u00e0 Los Angeles pour la premi\u00e8re fois depuis le d\u00e9but de la pand\u00e9mie sur le plateau des Emmy Awards, avec une jauge r\u00e9duite \u00e0 500 invit\u00e9s tri\u00e9s sur le volet et des mesures sanitaires tr\u00e8s strictes.<\/p>\n<p class=\"has-black-color has-text-color\">Une grande partie de l\u2019\u00e9quipe de \u00ab\u00a0The Crown\u00a0\u00bb n\u2019avait pu faire le d\u00e9placement et suivait la remise des prix depuis Londres via une liaison satellite. \u00ab\u00a0Je n\u2019ai pas de mots, je suis tr\u00e8s, tr\u00e8s reconnaissant\u00a0\u00bb, a lanc\u00e9 le cr\u00e9ateur de la s\u00e9rie, Peter Morgan.<\/p>\n<p class=\"has-black-color has-text-color\">La quatri\u00e8me saison de cette s\u00e9rie tr\u00e8s populaire d\u00e9peint le mariage houleux entre la princesse Diana et le prince Charles, incarn\u00e9 par le Britannique Josh O\u2019Connor. \u00ab\u00a0Tourner +The Crown+ a repr\u00e9sent\u00e9 les deux ann\u00e9es de ma vie les plus gratifiantes\u00a0\u00bb, a lanc\u00e9 l\u2019acteur, sacr\u00e9 dans la cat\u00e9gorie s\u00e9rie dramatique.<\/p>\n<p class=\"has-black-color has-text-color\">Sa compatriote Olivia Colman, qui joue la reine Elizabeth, s\u2019est quant \u00e0 elle royalement impos\u00e9e en tant que meilleure actrice, face notamment \u00e0 sa camarade Emma Corrin, qui tenait le r\u00f4le de la princesse Diana.<\/p>\n<p class=\"has-black-color has-text-color\">La s\u00e9rie a \u00e9galement \u00e9t\u00e9 prim\u00e9e pour ses seconds r\u00f4les, dont Gillian Anderson (l\u2019agent Scully de \u00ab\u00a0X-Files\u00a0\u00bb) pour son interpr\u00e9tation de Margaret Thatcher, ainsi que pour le sc\u00e9nario et la r\u00e9alisation.<\/p>\n<p class=\"has-black-color has-text-color\">Si l\u2019on ajoute des r\u00e9compenses dans des cat\u00e9gories techniques d\u00e9j\u00e0 d\u00e9cern\u00e9es, la production Netflix a re\u00e7u au total onze Emmy Awards, \u00e0 \u00e9galit\u00e9 avec \u00ab\u00a0Le Jeu de la Dame\u00a0\u00bb et \u00e0 un troph\u00e9e seulement du record \u00e9tabli par \u00ab\u00a0Game of Thrones\u00a0\u00bb.<\/p>\n<p class=\"has-black-color has-text-color\">Apr\u00e8s un hommage en musique au rappeur Biz Markie, mort cet \u00e9t\u00e9, les premi\u00e8res r\u00e9compenses de la soir\u00e9e \u00e9taient all\u00e9es \u00e0 la com\u00e9die \u00ab\u00a0Ted Lasso\u00a0\u00bb d\u2019Apple TV+, avec des Emmys pour des seconds r\u00f4les \u00e0 Hannah Waddingham et Brett Goldstein.<\/p>\n<p class=\"has-black-color has-text-color\">Jason Sudeikis, qui incarne le personnage principal, avait obtenu un coup du chapeau un peu plus tard en devenant \u00ab\u00a0meilleur acteur dans une com\u00e9die\u00a0\u00bb pour cette s\u00e9rie qui met en sc\u00e8ne un entra\u00eeneur de football am\u00e9ricain totalement perdu lorsqu\u2019il passe aux commandes d\u2019une \u00e9quipe de ballon rond anglaise.<\/p>\n<p class=\"has-black-color has-text-color\">\u00ab\u00a0Ted Lasso\u00a0\u00bb s\u2019est finalement impos\u00e9 dans cette cat\u00e9gorie o\u00f9 la s\u00e9rie faisait office de grand favori cette ann\u00e9e.<br \/>La production Apple TV+ a toutefois conc\u00e9d\u00e9 les Emmy Awards du sc\u00e9nario et de la r\u00e9alisation, arrach\u00e9s par la s\u00e9rie HBO \u00ab\u00a0Hacks\u00a0\u00bb, avec Jean Smart en diva de Las Vegas sur le retour, \u00e9lue meilleure actrice dans cette cat\u00e9gorie.<br \/>C\u00f4t\u00e9 mini-s\u00e9ries, la victoire a \u00e9chapp\u00e9 \u00e0 Anya Taylor-Joy pour \u00ab\u00a0Le Jeu de la dame\u00a0\u00bb, battue par la star Kate Winslet en polici\u00e8re d\u00e9sabus\u00e9e pour \u00ab\u00a0Mare of Easttown\u00a0\u00bb (HBO).<\/p>\n<p class=\"has-black-color has-text-color\">\u00ab\u00a0Je tiens \u00e0 saluer mes coll\u00e8gues nomin\u00e9es car cette d\u00e9cennie doit \u00eatre celle des femmes qui se serrent les coudes\u00a0\u00bb, a lanc\u00e9 Kate Winslet, remerciant les auteurs du show pour avoir cr\u00e9\u00e9 \u00ab\u00a0une m\u00e8re d\u2019\u00e2ge mur, imparfaite et pleine de d\u00e9fauts\u2026 Tr\u00e8s honn\u00eatement, on se sent toutes reconnues\u00a0\u00bb, a-t-elle ajout\u00e9.<\/p>\n<p class=\"has-black-color has-text-color\">Julianne Nicholson et Evan Peters ont eux aussi \u00e9t\u00e9 prim\u00e9s pour cette s\u00e9rie HBO dans la cat\u00e9gorie des seconds r\u00f4les.<br \/>Si les femmes ont \u00e9t\u00e9 \u00e0 l\u2019honneur, la diversit\u00e9 a laiss\u00e9 \u00e0 d\u00e9sirer: les douze Emmys pour les meilleures acteurs et actrices, ou second r\u00f4les dans les cat\u00e9gories les plus en vue sont all\u00e9s exclusivement \u00e0 des protagonistes blancs. De quoi alimenter une nouvelle fois les critiques r\u00e9currentes contre les grands rendez-vous hollywoodiens comme les Oscars et les Golden Globes. \u00ab\u00a0Emmyssowhite\u00a0\u00bb (Emmy si blancs), titrait ainsi le site sp\u00e9cialis\u00e9 The Wrap, relevant que des artistes de couleur concouraient pourtant dans \u00ab\u00a0quasiment toute les cat\u00e9gories\u00a0\u00bb.<\/p>\n<figure class=\"wp-block-gallery columns-3 is-cropped\">\n<ul class=\"blocks-gallery-grid\">\n<li class=\"blocks-gallery-item\">\n<figure><img decoding=\"async\" loading=\"lazy\" width=\"508\" height=\"300\" src=\"https:\/\/linitiative.ca\/International\/wp-content\/uploads\/sites\/23\/2021\/09\/2-101.jpg\" alt=\"\" data-id=\"121338\" class=\"wp-image-121338\"><\/figure>\n<\/li>\n<li class=\"blocks-gallery-item\">\n<figure><img decoding=\"async\" loading=\"lazy\" width=\"508\" height=\"300\" src=\"https:\/\/linitiative.ca\/International\/wp-content\/uploads\/sites\/23\/2021\/09\/3-82.jpg\" alt=\"\" data-id=\"121339\" data-link=\"http:\/\/albayane.press.ma\/?attachment_id=121339#main\" class=\"wp-image-121339\"><\/figure>\n<\/li>\n<li class=\"blocks-gallery-item\">\n<figure><img decoding=\"async\" loading=\"lazy\" width=\"508\" height=\"300\" src=\"https:\/\/linitiative.ca\/International\/wp-content\/uploads\/sites\/23\/2021\/09\/5-40.jpg\" alt=\"\" data-id=\"121340\" data-link=\"http:\/\/albayane.press.ma\/?attachment_id=121340#main\" class=\"wp-image-121340\"><\/figure>\n<\/li>\n<li class=\"blocks-gallery-item\">\n<figure><img decoding=\"async\" loading=\"lazy\" width=\"508\" height=\"300\" src=\"https:\/\/linitiative.ca\/International\/wp-content\/uploads\/sites\/23\/2021\/09\/4-62.jpg\" alt=\"\" data-id=\"121341\" data-link=\"http:\/\/albayane.press.ma\/?attachment_id=121341#main\" class=\"wp-image-121341\"><\/figure>\n<\/li>\n<li class=\"blocks-gallery-item\">\n<figure><img decoding=\"async\" loading=\"lazy\" width=\"400\" height=\"300\" src=\"https:\/\/linitiative.ca\/International\/wp-content\/uploads\/sites\/23\/2021\/09\/51iV1dLYxGL.jpg\" alt=\"\" data-id=\"121342\" data-link=\"http:\/\/albayane.press.ma\/?attachment_id=121342#main\" class=\"wp-image-121342\"><\/figure>\n<\/li>\n<li class=\"blocks-gallery-item\">\n<figure><img decoding=\"async\" loading=\"lazy\" width=\"500\" height=\"300\" src=\"https:\/\/linitiative.ca\/International\/wp-content\/uploads\/sites\/23\/2021\/09\/5C2B2.jpg\" alt=\"\" data-id=\"121343\" data-full-url=\"https:\/\/linitiative.ca\/International\/wp-content\/uploads\/sites\/23\/2021\/09\/5C2B2.jpg\" data-link=\"http:\/\/albayane.press.ma\/?attachment_id=121343#main\" class=\"wp-image-121343\"><\/figure>\n<\/li>\n<\/ul>\n<\/figure>\n<p>L\u2019article <a rel=\"nofollow\" href=\"http:\/\/albayane.press.ma\/the-crown-et-ted-lasso-raflent-la-mise.html\">\u00abThe Crown\u00bb et \u00abTed Lasso\u00bb raflent la mise<\/a> est apparu en premier sur <a rel=\"nofollow\" href=\"http:\/\/albayane.press.ma\/\">ALBAYANE<\/a>.<\/p>\n<\/div>\n<p>Auteur: M&rsquo;hammed rahal<br \/>\n<a href=\"http:\/\/albayane.press.ma\/the-crown-et-ted-lasso-raflent-la-mise.html\">Cliquez ici pour lire l&rsquo;article depuis sa source.<\/a><\/p>\n","protected":false},"excerpt":{"rendered":"<p>La plateforme Netflix a obtenu dimanche la cons\u00e9cration qui lui \u00e9chappait depuis tant d\u2019ann\u00e9es: sa production \u00ab\u00a0The Crown\u00a0\u00bb, qui retrace de mani\u00e8re romanc\u00e9e la vie de la famille royale britannique, a d\u00e9croch\u00e9 l\u2019Emmy Award de la \u00ab\u00a0meilleure s\u00e9rie dramatique\u00a0\u00bb et rafl\u00e9 tous les prix d\u2019acteurs dans sa cat\u00e9gorie. C\u00f4t\u00e9 com\u00e9die, c\u2019est \u00ab\u00a0Ted Lasso\u00a0\u00bb qui remporte [&hellip;]<\/p>\n","protected":false},"author":1760,"featured_media":0,"comment_status":"closed","ping_status":"closed","sticky":false,"template":"","format":"standard","meta":{"fifu_image_url":"http:\/\/albayane.press.ma\/wp-content\/uploads\/2-101.jpg","fifu_image_alt":"\u00abThe Crown\u00bb et \u00abTed Lasso\u00bb raflent la mise","footnotes":""},"categories":[73,54],"tags":[],"class_list":["post-127679","post","type-post","status-publish","format-standard","hentry","category-actualite","category-maroc"],"_links":{"self":[{"href":"https:\/\/linitiative.ca\/International\/wp-json\/wp\/v2\/posts\/127679","targetHints":{"allow":["GET"]}}],"collection":[{"href":"https:\/\/linitiative.ca\/International\/wp-json\/wp\/v2\/posts"}],"about":[{"href":"https:\/\/linitiative.ca\/International\/wp-json\/wp\/v2\/types\/post"}],"author":[{"embeddable":true,"href":"https:\/\/linitiative.ca\/International\/wp-json\/wp\/v2\/users\/1760"}],"replies":[{"embeddable":true,"href":"https:\/\/linitiative.ca\/International\/wp-json\/wp\/v2\/comments?post=127679"}],"version-history":[{"count":0,"href":"https:\/\/linitiative.ca\/International\/wp-json\/wp\/v2\/posts\/127679\/revisions"}],"wp:attachment":[{"href":"https:\/\/linitiative.ca\/International\/wp-json\/wp\/v2\/media?parent=127679"}],"wp:term":[{"taxonomy":"category","embeddable":true,"href":"https:\/\/linitiative.ca\/International\/wp-json\/wp\/v2\/categories?post=127679"},{"taxonomy":"post_tag","embeddable":true,"href":"https:\/\/linitiative.ca\/International\/wp-json\/wp\/v2\/tags?post=127679"}],"curies":[{"name":"wp","href":"https:\/\/api.w.org\/{rel}","templated":true}]}}