{"id":127686,"date":"2021-09-20T14:00:00","date_gmt":"2021-09-20T18:00:00","guid":{"rendered":"https:\/\/linitiative.ca\/International\/paris-et-washington-a-lepreuve-dune-crise-inedite\/"},"modified":"2021-09-20T14:00:00","modified_gmt":"2021-09-20T18:00:00","slug":"paris-et-washington-a-lepreuve-dune-crise-inedite","status":"publish","type":"post","link":"https:\/\/linitiative.ca\/International\/paris-et-washington-a-lepreuve-dune-crise-inedite\/","title":{"rendered":"Paris et Washington \u00e0 l\u2019\u00e9preuve d\u2019une crise in\u00e9dite"},"content":{"rendered":"<div>\n<p class=\"has-text-align-center has-vivid-red-color has-text-color\"><strong>Affaire des sous-marins<\/strong><\/p>\n<p class=\"has-text-align-right has-black-color has-text-color\"><strong>Par Idriss TEKKI \u2013 MAP<\/strong><\/p>\n<p class=\"has-black-color has-text-color\"><strong>L\u2019annulation par l\u2019Australie d\u2019un contrat de plus de 56 milliards d\u2019euros pour l\u2019acquisition de 12 sous-marins \u00e0 propulsion conventionnelle de fabrication fran\u00e7aise apr\u00e8s l\u2019annonce d\u2019un partenariat de s\u00e9curit\u00e9 tripartite entre Washington, Canberra et Londres a d\u00e9clench\u00e9 une crise diplomatique d\u2019une ampleur in\u00e9dite entre la France et les Etats-Unis.<\/strong><\/p>\n<p class=\"has-black-color has-text-color\">Per\u00e7ue comme un \u00ab\u00a0affront\u00a0\u00bb, une \u00ab\u00a0humiliation\u00a0\u00bb ou encore comme un \u00ab\u00a0coup dans le dos\u00a0\u00bb, l\u2019annonce mercredi par le pr\u00e9sident am\u00e9ricain Joe Biden de ce nouveau pacte strat\u00e9gique de s\u00e9curit\u00e9, incluant notamment la fourniture de sous-marins am\u00e9ricains \u00e0 propulsion nucl\u00e9aire \u00e0 Canberra, a soulev\u00e9 un toll\u00e9 en France qui s\u2019est dite surprise par la rupture du \u00ab\u00a0contrat du si\u00e8cle\u00a0\u00bb, conclu en 2016 avec l\u2019Australie.<\/p>\n<p class=\"has-black-color has-text-color\">P\u00e9kin a qualifi\u00e9 d\u2019\u00a0\u00bbextr\u00eamement irresponsable\u00a0\u00bb l\u2019acquisition de sous-marins nucl\u00e9aires am\u00e9ricains par l\u2019Australie, estimant qu\u2019elle constitue une \u00ab\u00a0menace\u00a0\u00bb notamment pour la stabilit\u00e9 dans la r\u00e9gion indo-pacifique.<br \/>Si les commentateurs estiment que la France, qui a \u00e9t\u00e9 \u00ab\u00a0humili\u00e9e\u00a0\u00bb, doit \u00eatre indemnis\u00e9e suite \u00e0 cette d\u00e9cision, d\u2019autres jugent que Paris doit \u00eatre \u00e0 la hauteur des circonstances et user de tout son poids sur l\u2019\u00e9chiquier international notamment au niveau de l\u2019Union europ\u00e9enne, qui a \u00ab\u00a0d\u00e9plor\u00e9\u00a0\u00bb de ne pas avoir \u00e9t\u00e9 inform\u00e9e ni consult\u00e9e sur ce pacte de s\u00e9curit\u00e9, ainsi qu\u2019au sein de l\u2019OTAN.<\/p>\n<p class=\"has-black-color has-text-color\">Un avis partag\u00e9 par Jean-Yves Le Drian, pour qui cette crise p\u00e8serait sur la d\u00e9finition du nouveau concept strat\u00e9gique de l\u2019OTAN.<br \/>\u201cLe rappel des ambassadeurs c\u2019est bien. Mais apr\u00e8s ? Quel geste pourra justifier leur retour? Une promesse am\u00e9ricaine de ne plus recommencer comme pour les \u00e9coutes NSA?\u201d, s\u2019interroge sur Twitter le g\u00e9opolitologue fran\u00e7ais Pascal Boniface, fondateur et directeur de l\u2019Institut de relations internationales et strat\u00e9giques (IRIS).<br \/>Pour lui, \u201cil sera quand m\u00eame n\u00e9cessaire de fixer la barre plus haut !\u201d.<\/p>\n<p class=\"has-black-color has-text-color\">Dans une tentative d\u2019apaiser les tensions, un \u00e9change entre le pr\u00e9sident fran\u00e7ais Emmanuel Macron et son homologue am\u00e9ricain Joe Biden devrait avoir lieu dans les prochains jours, a annonc\u00e9 dimanche le porte-parole du gouvernement fran\u00e7ais Gabriel Attal.<\/p>\n<p class=\"has-black-color has-text-color\">M. Biden a demand\u00e9 un entretien \u00e0 Emmanuel Macron, et \u00ab\u00a0il y aura un \u00e9change t\u00e9l\u00e9phonique dans les tout prochains jours\u00a0\u00bb, avec pour objectif \u00ab\u00a0d\u2019avancer\u00a0\u00bb dans cette crise in\u00e9dite, a indiqu\u00e9 sur BFMTV, le porte-parole de l\u2019ex\u00e9cutif fran\u00e7ais.<\/p>\n<p class=\"has-black-color has-text-color\">Le premier ministre britannique Boris Johnson joue lui aussi la carte de l\u2019apaisement, en soulignant dimanche, selon l\u2019agence Association Press, l&rsquo;\u00a0\u00bbimmense importance\u00a0\u00bb de la relation entre son pays et la France.<\/p>\n<p class=\"has-black-color has-text-color\">De son c\u00f4t\u00e9, l\u2019Union europ\u00e9enne a annonc\u00e9 par la voix de son porte-parole qu\u2019elle proc\u00e9dera \u00e0 \u00ab\u00a0une analyse de la situation et des r\u00e9percussions de cette alliance\u201d \u00e0 l\u2019occasion de la prochaine r\u00e9union des ministres des Affaires \u00e9trang\u00e8res de l\u2019UE, pr\u00e9vue le 18 octobre au Luxembourg.<\/p>\n<p class=\"has-black-color has-text-color\">Selon le porte-parole de Joseph Borrell la r\u00e9union des ministres des Affaires \u00e9trang\u00e8res des 27 offre \u201cune opportunit\u00e9 pour une discussion sur cette alliance\u00a0\u00bb.<\/p>\n<p>L\u2019article <a rel=\"nofollow\" href=\"http:\/\/albayane.press.ma\/paris-et-washington-a-lepreuve-dune-crise-inedite.html\">Paris et Washington \u00e0 l\u2019\u00e9preuve d\u2019une crise in\u00e9dite<\/a> est apparu en premier sur <a rel=\"nofollow\" href=\"http:\/\/albayane.press.ma\/\">ALBAYANE<\/a>.<\/p>\n<\/div>\n<p>Auteur: M&rsquo;hammed rahal<br \/>\n<a href=\"http:\/\/albayane.press.ma\/paris-et-washington-a-lepreuve-dune-crise-inedite.html\">Cliquez ici pour lire l&rsquo;article depuis sa source.<\/a><\/p>\n","protected":false},"excerpt":{"rendered":"<p>Affaire des sous-marins Par Idriss TEKKI \u2013 MAP L\u2019annulation par l\u2019Australie d\u2019un contrat de plus de 56 milliards d\u2019euros pour l\u2019acquisition de 12 sous-marins \u00e0 propulsion conventionnelle de fabrication fran\u00e7aise apr\u00e8s l\u2019annonce d\u2019un partenariat de s\u00e9curit\u00e9 tripartite entre Washington, Canberra et Londres a d\u00e9clench\u00e9 une crise diplomatique d\u2019une ampleur in\u00e9dite entre la France et les [&hellip;]<\/p>\n","protected":false},"author":1760,"featured_media":0,"comment_status":"closed","ping_status":"closed","sticky":false,"template":"","format":"standard","meta":{"fifu_image_url":"","fifu_image_alt":"","footnotes":""},"categories":[73,54],"tags":[],"class_list":["post-127686","post","type-post","status-publish","format-standard","hentry","category-actualite","category-maroc"],"_links":{"self":[{"href":"https:\/\/linitiative.ca\/International\/wp-json\/wp\/v2\/posts\/127686","targetHints":{"allow":["GET"]}}],"collection":[{"href":"https:\/\/linitiative.ca\/International\/wp-json\/wp\/v2\/posts"}],"about":[{"href":"https:\/\/linitiative.ca\/International\/wp-json\/wp\/v2\/types\/post"}],"author":[{"embeddable":true,"href":"https:\/\/linitiative.ca\/International\/wp-json\/wp\/v2\/users\/1760"}],"replies":[{"embeddable":true,"href":"https:\/\/linitiative.ca\/International\/wp-json\/wp\/v2\/comments?post=127686"}],"version-history":[{"count":0,"href":"https:\/\/linitiative.ca\/International\/wp-json\/wp\/v2\/posts\/127686\/revisions"}],"wp:attachment":[{"href":"https:\/\/linitiative.ca\/International\/wp-json\/wp\/v2\/media?parent=127686"}],"wp:term":[{"taxonomy":"category","embeddable":true,"href":"https:\/\/linitiative.ca\/International\/wp-json\/wp\/v2\/categories?post=127686"},{"taxonomy":"post_tag","embeddable":true,"href":"https:\/\/linitiative.ca\/International\/wp-json\/wp\/v2\/tags?post=127686"}],"curies":[{"name":"wp","href":"https:\/\/api.w.org\/{rel}","templated":true}]}}