{"id":127687,"date":"2021-09-21T05:56:00","date_gmt":"2021-09-21T09:56:00","guid":{"rendered":"https:\/\/linitiative.ca\/International\/je-donne-rendez-vous-aux-marocains-le-23-octobre\/"},"modified":"2021-09-21T05:56:00","modified_gmt":"2021-09-21T09:56:00","slug":"je-donne-rendez-vous-aux-marocains-le-23-octobre","status":"publish","type":"post","link":"https:\/\/linitiative.ca\/International\/je-donne-rendez-vous-aux-marocains-le-23-octobre\/","title":{"rendered":"\u00abJe donne rendez-vous aux Marocains le 23 octobre\u00bb"},"content":{"rendered":"<div>\n<p class=\"has-text-align-center has-text-color\" style=\"color:#f20303\"><strong><em>Exclu de la r\u00e9daction Al Bayane\u00a0Entretien EXCLUSIF avec Hamicha, la nouvelle vedette marocaine de Glory<\/em><\/strong><\/p>\n<p class=\"has-text-align-right has-text-color\" style=\"color:#075aeb\"><strong><em>Oussama Zidouhia<\/em><\/strong><\/p>\n<p class=\"has-black-color has-text-color\"><strong>Mohamed Mezouari, alias \u2018Mo Hamicha\u2019, n\u00e9 le 1er juin 1996 \u00e0 Amsterdam\u00a0de parents marocains originaires de la ville d\u2019Oujda, est un kickboxeur marocain sous contrat avec l\u2019organisation Glory Kickboxing.<\/strong><\/p>\n<p class=\"has-black-color has-text-color\">Mezouari a d\u00e9but\u00e9 son entra\u00eenement tr\u00e8s jeune \u00e0 l\u2019\u00e2ge de 8 ans aux c\u00f4t\u00e9s de ses entra\u00eeneurs Nouredin El Otmani et Said El Badaoui. Aujourd\u2019hui, apr\u00e8s plus de 15 ans dans ce sport, il est consid\u00e9r\u00e9 comme l\u2019un des meilleurs combattants au monde dans sa division des Welterweights, si ce n\u2019est le meilleur\u2026<\/p>\n<p class=\"has-black-color has-text-color\">Pendant toutes ces ann\u00e9es, Hamicha se pr\u00e9pare avec son l\u00e9gendaire coach Said El Badaoui. Ce dernier est consid\u00e9r\u00e9 comme \u00e9tant le plus grand entra\u00eeneur marocain de l\u2019histoire des sports de combats. A part Mohamed Mezouari, Badaoui\u00a0 est \u00e9galement le mentor d\u2019Ilias Ennahachi et Ilias Bulaid\u2026 Que du lourd\u2026<\/p>\n<p class=\"has-black-color has-text-color\">Mezouari, du haut de son 1m 87 cm, a toujours port\u00e9 le drapeau du Maroc haut et fort durant ses affrontements, m\u00eame bien avant la cons\u00e9cration mondiale.<\/p>\n<p class=\"has-black-color has-text-color\">Devenu le nouveau visage marocain de la promotion Glory, Hamicha compte 37 combats Professionnels, avec 35 victoires dont 24 par KO, et seulement 2 d\u00e9faites. Il a fait ses d\u00e9buts lors du Glory 62, un \u00e9v\u00e9nement durant lequel il a combattu Miles Simson qu\u2019il a assomm\u00e9 au premier round, avant de remporter son deuxi\u00e8me combat contre Adam Hadfield par TKO, \u00e9galement au premier tour.<\/p>\n<p class=\"has-black-color has-text-color\">En\u00a0novembre 2018, il est class\u00e9 par\u00a0Combat Press\u00a0dans le top 10 des meilleurs poids l\u00e9gers de la plan\u00e8te.<\/p>\n<p class=\"has-black-color has-text-color\">Class\u00e9 n\u00b08 mondial et pr\u00e9tendant n\u00b01 au titre GLORY, Hamicha a attir\u00e9 l\u2019attention de toute sa division gr\u00e2ce \u00e0 sa nouvelle victoire par KO au premier round face au turc Vedat Hoduk. Une performance qui l\u2019a directement plac\u00e9 comme le prochain favori pour remporter la ceinture.<\/p>\n<p class=\"has-black-color has-text-color\">Son style vicieux et tr\u00e8s agressif rappel le Golden Boy dans ses d\u00e9buts. A noter que Hamicha alterne ses entra\u00eenements avec son \u00e9quipe compos\u00e9 de Badr Hari et des fr\u00e8res Azaitar, entre le Maroc (Rabat) et aux Pays Bas au mythique SB Gym.<\/p>\n<p class=\"has-black-color has-text-color\"><strong>Contact\u00e9 par Al Bayane, Mezouari\u00a0 s\u2019est confi\u00e9 \u00e0 c\u0153ur ouvert pour la premi\u00e8re fois \u00e0 un journal Marocain. Entretien exclusif.<\/strong><\/p>\n<p class=\"has-vivid-red-color has-text-color\"><strong>Al Bayane\u00a0: Que repr\u00e9sente la ville d\u2019Oujda pour vous?<\/strong><\/p>\n<p class=\"has-black-color has-text-color\"><strong>Mezouari\u00a0:<\/strong> Mes racines, un homme qui ne sait pas d\u2019o\u00f9 il vient n\u2019ira pas tr\u00e8s loin dans sa vie.<\/p>\n<p class=\"has-vivid-red-color has-text-color\"><strong>Comment avez-vous commenc\u00e9 votre carri\u00e8re dans le Kickboxing?<\/strong><\/p>\n<p class=\"has-black-color has-text-color\">J\u2019ai d\u00e9but\u00e9 l\u2019entra\u00eenement tr\u00e8s jeune. A l\u2019\u00e2ge de 8 ans, mon choix c\u2019est port\u00e9 naturellement sur le kickboxing comme tous les anciens du quartier d\u2019o\u00f9 je viens.<\/p>\n<p class=\"has-vivid-red-color has-text-color\"><strong>Suivez-vous le football marocain\u00a0? <\/strong><\/p>\n<p class=\"has-black-color has-text-color\">Non, je ne regarde pas le football en g\u00e9n\u00e9ral.<\/p>\n<p class=\"has-vivid-red-color has-text-color\"><strong>Que repr\u00e9sente Said El Badaoui pour vous ?<\/strong><\/p>\n<p class=\"has-black-color has-text-color\">Said El Badaoui est plus qu\u2019un simple coach, c\u2019est mon grand fr\u00e8re, mon ami, j\u2019ai grandi sous ses yeux, notre relation est ce qui fait notre force sur le ring. Ce qu\u2019il fait pour le Maroc et les marocains est tout simplement extraordinaire.<\/p>\n<p class=\"has-vivid-red-color has-text-color\"><strong>Votre prochain adversaire\u00a0?<\/strong><\/p>\n<p class=\"has-black-color has-text-color\">Je ne conna\u00ees pas le nom de mon prochain adversaire. Cependant, je peux vous annoncer la date de mon prochain combat chez Glory, le 23 octobre prochain.<\/p>\n<p class=\"has-vivid-red-color has-text-color\"><strong>Un message pour vos fans au Maroc\u00a0?<\/strong><\/p>\n<p class=\"has-black-color has-text-color\">Je tiens \u00e0 les remercier pour leur support inconditionnel, je porte (wlad bladi) dans mon c\u0153ur avant chaque combat. Allah, Al Watane, Al Malik\u00a0!<\/p>\n<p>L\u2019article <a rel=\"nofollow\" href=\"http:\/\/albayane.press.ma\/entretien-avec-hamicha-la-nouvelle-vedette-marocaine-de-glory.html\">\u00abJe donne rendez-vous aux Marocains le 23 octobre\u00bb<\/a> est apparu en premier sur <a rel=\"nofollow\" href=\"http:\/\/albayane.press.ma\/\">ALBAYANE<\/a>.<\/p>\n<\/div>\n<p>Auteur: M&rsquo;hammed rahal<br \/>\n<a href=\"http:\/\/albayane.press.ma\/entretien-avec-hamicha-la-nouvelle-vedette-marocaine-de-glory.html\">Cliquez ici pour lire l&rsquo;article depuis sa source.<\/a><\/p>\n","protected":false},"excerpt":{"rendered":"<p>Exclu de la r\u00e9daction Al Bayane\u00a0Entretien EXCLUSIF avec Hamicha, la nouvelle vedette marocaine de Glory Oussama Zidouhia Mohamed Mezouari, alias \u2018Mo Hamicha\u2019, n\u00e9 le 1er juin 1996 \u00e0 Amsterdam\u00a0de parents marocains originaires de la ville d\u2019Oujda, est un kickboxeur marocain sous contrat avec l\u2019organisation Glory Kickboxing. Mezouari a d\u00e9but\u00e9 son entra\u00eenement tr\u00e8s jeune \u00e0 l\u2019\u00e2ge [&hellip;]<\/p>\n","protected":false},"author":1760,"featured_media":0,"comment_status":"closed","ping_status":"closed","sticky":false,"template":"","format":"standard","meta":{"fifu_image_url":"","fifu_image_alt":"","footnotes":""},"categories":[73,54],"tags":[],"class_list":["post-127687","post","type-post","status-publish","format-standard","hentry","category-actualite","category-maroc"],"_links":{"self":[{"href":"https:\/\/linitiative.ca\/International\/wp-json\/wp\/v2\/posts\/127687","targetHints":{"allow":["GET"]}}],"collection":[{"href":"https:\/\/linitiative.ca\/International\/wp-json\/wp\/v2\/posts"}],"about":[{"href":"https:\/\/linitiative.ca\/International\/wp-json\/wp\/v2\/types\/post"}],"author":[{"embeddable":true,"href":"https:\/\/linitiative.ca\/International\/wp-json\/wp\/v2\/users\/1760"}],"replies":[{"embeddable":true,"href":"https:\/\/linitiative.ca\/International\/wp-json\/wp\/v2\/comments?post=127687"}],"version-history":[{"count":0,"href":"https:\/\/linitiative.ca\/International\/wp-json\/wp\/v2\/posts\/127687\/revisions"}],"wp:attachment":[{"href":"https:\/\/linitiative.ca\/International\/wp-json\/wp\/v2\/media?parent=127687"}],"wp:term":[{"taxonomy":"category","embeddable":true,"href":"https:\/\/linitiative.ca\/International\/wp-json\/wp\/v2\/categories?post=127687"},{"taxonomy":"post_tag","embeddable":true,"href":"https:\/\/linitiative.ca\/International\/wp-json\/wp\/v2\/tags?post=127687"}],"curies":[{"name":"wp","href":"https:\/\/api.w.org\/{rel}","templated":true}]}}