{"id":127691,"date":"2021-09-21T09:00:00","date_gmt":"2021-09-21T13:00:00","guid":{"rendered":"https:\/\/linitiative.ca\/International\/videoeffondrement-du-plafond-dun-amphitheatre\/"},"modified":"2021-09-21T09:00:00","modified_gmt":"2021-09-21T13:00:00","slug":"videoeffondrement-du-plafond-dun-amphitheatre","status":"publish","type":"post","link":"https:\/\/linitiative.ca\/International\/videoeffondrement-du-plafond-dun-amphitheatre\/","title":{"rendered":"[Vid\u00e9o]Effondrement du plafond d\u2019un amphith\u00e9\u00e2tre"},"content":{"rendered":"<div>Un drame a \u00e9t\u00e9 \u00e9vit\u00e9 de justesse ce mardi \u00e0 l\u2019universit\u00e9 Mouloud Mammeri, \u00e0 Tizi Ouzou. Une partie du plafond d&rsquo;un amphith\u00e9\u00e2tre est tomb\u00e9e, suite aux intemp\u00e9ries que connait la wilaya.<\/div>\n<p>Auteur:<br \/>\n<a href=\"https:\/\/www.liberte-algerie.com\/actualite\/video-effondrement-du-plafond-dun-amphitheatre-365356\">Cliquez ici pour lire l&rsquo;article depuis sa source.<\/a><\/p>\n","protected":false},"excerpt":{"rendered":"<p>Un drame a \u00e9t\u00e9 \u00e9vit\u00e9 de justesse ce mardi \u00e0 l\u2019universit\u00e9 Mouloud Mammeri, \u00e0 Tizi Ouzou. Une partie du plafond d&rsquo;un amphith\u00e9\u00e2tre est tomb\u00e9e, suite aux intemp\u00e9ries que connait la wilaya. Auteur: Cliquez ici pour lire l&rsquo;article depuis sa source.<\/p>\n","protected":false},"author":1742,"featured_media":0,"comment_status":"closed","ping_status":"closed","sticky":false,"template":"","format":"standard","meta":{"fifu_image_url":"","fifu_image_alt":"","footnotes":""},"categories":[73,53],"tags":[],"class_list":["post-127691","post","type-post","status-publish","format-standard","hentry","category-actualite","category-algerie"],"_links":{"self":[{"href":"https:\/\/linitiative.ca\/International\/wp-json\/wp\/v2\/posts\/127691","targetHints":{"allow":["GET"]}}],"collection":[{"href":"https:\/\/linitiative.ca\/International\/wp-json\/wp\/v2\/posts"}],"about":[{"href":"https:\/\/linitiative.ca\/International\/wp-json\/wp\/v2\/types\/post"}],"author":[{"embeddable":true,"href":"https:\/\/linitiative.ca\/International\/wp-json\/wp\/v2\/users\/1742"}],"replies":[{"embeddable":true,"href":"https:\/\/linitiative.ca\/International\/wp-json\/wp\/v2\/comments?post=127691"}],"version-history":[{"count":0,"href":"https:\/\/linitiative.ca\/International\/wp-json\/wp\/v2\/posts\/127691\/revisions"}],"wp:attachment":[{"href":"https:\/\/linitiative.ca\/International\/wp-json\/wp\/v2\/media?parent=127691"}],"wp:term":[{"taxonomy":"category","embeddable":true,"href":"https:\/\/linitiative.ca\/International\/wp-json\/wp\/v2\/categories?post=127691"},{"taxonomy":"post_tag","embeddable":true,"href":"https:\/\/linitiative.ca\/International\/wp-json\/wp\/v2\/tags?post=127691"}],"curies":[{"name":"wp","href":"https:\/\/api.w.org\/{rel}","templated":true}]}}