{"id":127693,"date":"2021-09-21T08:52:08","date_gmt":"2021-09-21T12:52:08","guid":{"rendered":"https:\/\/linitiative.ca\/International\/previsions-meteorologiques-pour-le-mercredi-22-septembre-2021\/"},"modified":"2021-09-21T08:52:08","modified_gmt":"2021-09-21T12:52:08","slug":"previsions-meteorologiques-pour-le-mercredi-22-septembre-2021","status":"publish","type":"post","link":"https:\/\/linitiative.ca\/International\/previsions-meteorologiques-pour-le-mercredi-22-septembre-2021\/","title":{"rendered":"Pr\u00e9visions m\u00e9t\u00e9orologiques pour le mercredi 22 septembre 2021"},"content":{"rendered":"<div>\n<div style=\"margin-bottom:20px;\"><img loading=\"lazy\" decoding=\"async\" width=\"750\" height=\"430\" src=\"https:\/\/linitiative.ca\/International\/wp-content\/uploads\/sites\/23\/2021\/09\/soleil.eco_-1-1-1.jpg\" class=\"attachment-post-thumbnail size-post-thumbnail wp-post-image\" alt=\"\" srcset=\"https:\/\/linitiative.ca\/International\/wp-content\/uploads\/sites\/23\/2021\/09\/soleil.eco_-1-1-1.jpg 750w, http:\/\/www.mapmarrakech.ma\/map\/uploads\/2021\/09\/soleil.eco_-1-1-300x172.jpg 300w\" sizes=\"auto, (max-width: 750px) 100vw, 750px\"><\/div>\n<p>\u2013 Pluies ou averses parfois orageuses, localement mod\u00e9r\u00e9es sur le Rif, la M\u00e9diterran\u00e9e, le Haut et le Moyen Atlas, le Saiss et le Nord de l\u2019Oriental.<\/p>\n<p>\u2013 Nuages bas assez denses sur les plaines atlantiques Nord et Centre avec formations brumeuses par endroits.<\/p>\n<p>\u2013 Ciel peu nuageux ailleurs.<\/p>\n<p>\u2013 Vent mod\u00e9r\u00e9 \u00e0 assez fort de secteur est sur le Tang\u00e9rois et de secteur nord sur le sud.<\/p>\n<p>\u2013 Quelques chasse-poussi\u00e8res sur le Sud-Est.<\/p>\n<p>\u2013 Temp\u00e9rature minimale de l\u2019Ordre de 07\/14\u00b0C sur les reliefs, de 21\/24\u00b0C sur l\u2019extr\u00eame Sud et de 15\/22\u00b0C ailleurs.<\/p>\n<p>\u2013 Temp\u00e9ratures maximales de l\u2019ordre de 33\/38\u00b0C sur le Sud-Est et l\u2019extr\u00eame Sud du pays, de 20\/26\u00b0C sur les reliefs, les cotes et le Nord de l\u2019Oriental et de 27\/33\u00b0C sur le reste du pays.<\/p>\n<p>\u2013 Mer peu agit\u00e9e \u00e0 agit\u00e9e en M\u00e9diterran\u00e9 et sur le d\u00e9troit, agit\u00e9e entre Casablanca et Tarfaya, peu agit\u00e9e \u00e0 agit\u00e9e ailleurs.<\/p>\n<p>The post <a rel=\"nofollow\" href=\"http:\/\/www.mapmarrakech.ma\/fr\/previsions-meteorologiques-pour-le-mercredi-22-septembre-2021\/\">Pr\u00e9visions m\u00e9t\u00e9orologiques pour le mercredi 22 septembre 2021<\/a> appeared first on <a rel=\"nofollow\" href=\"http:\/\/www.mapmarrakech.ma\/fr\">MapMarrakech<\/a>.<\/p>\n<\/div>\n<p>Auteur: Meriem IGASS<br \/>\n<a href=\"http:\/\/www.mapmarrakech.ma\/fr\/previsions-meteorologiques-pour-le-mercredi-22-septembre-2021\/\">Cliquez ici pour lire l&rsquo;article depuis sa source.<\/a><\/p>\n","protected":false},"excerpt":{"rendered":"<p>\u2013 Pluies ou averses parfois orageuses, localement mod\u00e9r\u00e9es sur le Rif, la M\u00e9diterran\u00e9e, le Haut et le Moyen Atlas, le Saiss et le Nord de l\u2019Oriental. \u2013 Nuages bas assez denses sur les plaines atlantiques Nord et Centre avec formations brumeuses par endroits. \u2013 Ciel peu nuageux ailleurs. \u2013 Vent mod\u00e9r\u00e9 \u00e0 assez fort de [&hellip;]<\/p>\n","protected":false},"author":1788,"featured_media":0,"comment_status":"closed","ping_status":"closed","sticky":false,"template":"","format":"standard","meta":{"fifu_image_url":"http:\/\/www.mapmarrakech.ma\/map\/uploads\/2021\/09\/soleil.eco_-1-1.jpg","fifu_image_alt":"Pr\u00e9visions m\u00e9t\u00e9orologiques pour le mercredi 22 septembre 2021","footnotes":""},"categories":[54,76],"tags":[],"class_list":["post-127693","post","type-post","status-publish","format-standard","hentry","category-maroc","category-regions"],"_links":{"self":[{"href":"https:\/\/linitiative.ca\/International\/wp-json\/wp\/v2\/posts\/127693","targetHints":{"allow":["GET"]}}],"collection":[{"href":"https:\/\/linitiative.ca\/International\/wp-json\/wp\/v2\/posts"}],"about":[{"href":"https:\/\/linitiative.ca\/International\/wp-json\/wp\/v2\/types\/post"}],"author":[{"embeddable":true,"href":"https:\/\/linitiative.ca\/International\/wp-json\/wp\/v2\/users\/1788"}],"replies":[{"embeddable":true,"href":"https:\/\/linitiative.ca\/International\/wp-json\/wp\/v2\/comments?post=127693"}],"version-history":[{"count":0,"href":"https:\/\/linitiative.ca\/International\/wp-json\/wp\/v2\/posts\/127693\/revisions"}],"wp:attachment":[{"href":"https:\/\/linitiative.ca\/International\/wp-json\/wp\/v2\/media?parent=127693"}],"wp:term":[{"taxonomy":"category","embeddable":true,"href":"https:\/\/linitiative.ca\/International\/wp-json\/wp\/v2\/categories?post=127693"},{"taxonomy":"post_tag","embeddable":true,"href":"https:\/\/linitiative.ca\/International\/wp-json\/wp\/v2\/tags?post=127693"}],"curies":[{"name":"wp","href":"https:\/\/api.w.org\/{rel}","templated":true}]}}