{"id":127697,"date":"2021-09-21T08:17:48","date_gmt":"2021-09-21T12:17:48","guid":{"rendered":"https:\/\/linitiative.ca\/International\/averses-orageuses-localement-fortes-mardi-et-mercredi\/"},"modified":"2021-09-21T08:17:48","modified_gmt":"2021-09-21T12:17:48","slug":"averses-orageuses-localement-fortes-mardi-et-mercredi","status":"publish","type":"post","link":"https:\/\/linitiative.ca\/International\/averses-orageuses-localement-fortes-mardi-et-mercredi\/","title":{"rendered":"Averses orageuses localement fortes mardi et mercredi"},"content":{"rendered":"<div>\n<div style=\"margin-bottom:20px;\"><img loading=\"lazy\" decoding=\"async\" width=\"750\" height=\"430\" src=\"https:\/\/linitiative.ca\/International\/wp-content\/uploads\/sites\/23\/2021\/09\/Des-averses-orageuses-M750C397430-MAP-Archive.jpg\" class=\"attachment-post-thumbnail size-post-thumbnail wp-post-image\" alt=\"\" srcset=\"https:\/\/linitiative.ca\/International\/wp-content\/uploads\/sites\/23\/2021\/09\/Des-averses-orageuses-M750C397430-MAP-Archive.jpg 750w, http:\/\/www.mapoujda.ma\/map\/uploads\/2019\/10\/Des-averses-orageuses-M750\u00d7430-MAP-Archive-300x172.jpg 300w\" sizes=\"auto, (max-width: 750px) 100vw, 750px\"><\/div>\n<p style=\"text-align: justify;\">Des averses orageuses localement fortes sont attendues mardi et mercredi\u00a0dans plusieurs provinces du Royaume, a annonc\u00e9 la Direction g\u00e9n\u00e9rale de la m\u00e9t\u00e9orologie (DGM).<\/p>\n<p style=\"text-align: justify;\">Ces averses (20-30 mm) sont pr\u00e9vues ce mardi de 15h00 \u00e0 22h00 dans\u00a0les provinces de Boulemane, Figuig, Guercif, Ifrane, Jerada, Khenifra, Midelt, Sefrou, Taounate, Taourirt et Taza,\u00a0a pr\u00e9cis\u00e9 la DGM dans un bulletin d\u2019alerte m\u00e9t\u00e9orologique de niveau orange.<\/p>\n<p style=\"text-align: justify;\">Des averses orageuses (30-50 mm),\u00a0qui pourraient \u00eatre accompagn\u00e9es localement de rafales de vent sous orage et des chutes de gr\u00eale,\u00a0int\u00e9resseront du mardi \u00e0 18h00 au mercredi \u00e0 15h00 les provinces d\u2019Al Hoceima, Berkane, Chefchaouen, Driouch, Nador, Oujda-Angad et T\u00e9touan, selon la m\u00eame source.<\/p>\n<p>L\u2019article <a rel=\"nofollow\" href=\"http:\/\/www.mapoujda.ma\/fr\/averses-orageuses-localement-fortes-mardi-et-mercredi-2\/\">Averses orageuses localement fortes mardi et mercredi<\/a> est apparu en premier sur <a rel=\"nofollow\" href=\"http:\/\/www.mapoujda.ma\/fr\">MapOujda<\/a>.<\/p>\n<\/div>\n<p>Auteur: Soufiane ELAHMAR<br \/>\n<a href=\"http:\/\/www.mapoujda.ma\/fr\/averses-orageuses-localement-fortes-mardi-et-mercredi-2\/\">Cliquez ici pour lire l&rsquo;article depuis sa source.<\/a><\/p>\n","protected":false},"excerpt":{"rendered":"<p>Des averses orageuses localement fortes sont attendues mardi et mercredi\u00a0dans plusieurs provinces du Royaume, a annonc\u00e9 la Direction g\u00e9n\u00e9rale de la m\u00e9t\u00e9orologie (DGM). Ces averses (20-30 mm) sont pr\u00e9vues ce mardi de 15h00 \u00e0 22h00 dans\u00a0les provinces de Boulemane, Figuig, Guercif, Ifrane, Jerada, Khenifra, Midelt, Sefrou, Taounate, Taourirt et Taza,\u00a0a pr\u00e9cis\u00e9 la DGM dans un [&hellip;]<\/p>\n","protected":false},"author":1788,"featured_media":0,"comment_status":"closed","ping_status":"closed","sticky":false,"template":"","format":"standard","meta":{"fifu_image_url":"http:\/\/www.mapoujda.ma\/map\/uploads\/2019\/10\/Des-averses-orageuses-M750\u00d7430-MAP-Archive.jpg","fifu_image_alt":"Averses orageuses localement fortes mardi et mercredi","footnotes":""},"categories":[54,76],"tags":[],"class_list":["post-127697","post","type-post","status-publish","format-standard","hentry","category-maroc","category-regions"],"_links":{"self":[{"href":"https:\/\/linitiative.ca\/International\/wp-json\/wp\/v2\/posts\/127697","targetHints":{"allow":["GET"]}}],"collection":[{"href":"https:\/\/linitiative.ca\/International\/wp-json\/wp\/v2\/posts"}],"about":[{"href":"https:\/\/linitiative.ca\/International\/wp-json\/wp\/v2\/types\/post"}],"author":[{"embeddable":true,"href":"https:\/\/linitiative.ca\/International\/wp-json\/wp\/v2\/users\/1788"}],"replies":[{"embeddable":true,"href":"https:\/\/linitiative.ca\/International\/wp-json\/wp\/v2\/comments?post=127697"}],"version-history":[{"count":0,"href":"https:\/\/linitiative.ca\/International\/wp-json\/wp\/v2\/posts\/127697\/revisions"}],"wp:attachment":[{"href":"https:\/\/linitiative.ca\/International\/wp-json\/wp\/v2\/media?parent=127697"}],"wp:term":[{"taxonomy":"category","embeddable":true,"href":"https:\/\/linitiative.ca\/International\/wp-json\/wp\/v2\/categories?post=127697"},{"taxonomy":"post_tag","embeddable":true,"href":"https:\/\/linitiative.ca\/International\/wp-json\/wp\/v2\/tags?post=127697"}],"curies":[{"name":"wp","href":"https:\/\/api.w.org\/{rel}","templated":true}]}}