{"id":127699,"date":"2021-09-21T11:47:37","date_gmt":"2021-09-21T15:47:37","guid":{"rendered":"https:\/\/linitiative.ca\/International\/aeroport-nador-plus-de-274-mille-passagers-entre-le-15-juin-et-le-31-aout\/"},"modified":"2021-09-21T11:47:37","modified_gmt":"2021-09-21T15:47:37","slug":"aeroport-nador-plus-de-274-mille-passagers-entre-le-15-juin-et-le-31-aout","status":"publish","type":"post","link":"https:\/\/linitiative.ca\/International\/aeroport-nador-plus-de-274-mille-passagers-entre-le-15-juin-et-le-31-aout\/","title":{"rendered":"A\u00e9roport Nador: Plus de 274 mille passagers entre le 15 juin et le 31 ao\u00fbt"},"content":{"rendered":"<div>\n<div style=\"margin-bottom:20px;\"><img loading=\"lazy\" decoding=\"async\" width=\"750\" height=\"430\" src=\"https:\/\/linitiative.ca\/International\/wp-content\/uploads\/sites\/23\/2021\/09\/ContrC3B4le-des-passeports-aC3A9roport-dOujda-750C397430-MAP.jpg\" class=\"attachment-post-thumbnail size-post-thumbnail wp-post-image\" alt=\"\" srcset=\"https:\/\/linitiative.ca\/International\/wp-content\/uploads\/sites\/23\/2021\/09\/ContrC3B4le-des-passeports-aC3A9roport-dOujda-750C397430-MAP.jpg 750w, http:\/\/www.mapoujda.ma\/map\/uploads\/2021\/03\/Contr\u00f4le-des-passeports-a\u00e9roport-dOujda-750\u00d7430-MAP-300x172.jpg 300w\" sizes=\"auto, (max-width: 750px) 100vw, 750px\"><\/div>\n<div>\n<p style=\"text-align: justify;\">L\u2019a\u00e9roport Nador-El Aroui a enregistr\u00e9, entre le 15 juin et le 31 ao\u00fbt derniers, quelque 274.048 passagers, \u00e0 travers 2.246 vols internationaux, a indiqu\u00e9 l\u2019Office national des a\u00e9roports (ONDA).<\/p>\n<p style=\"text-align: justify;\">Le taux de r\u00e9cup\u00e9ration atteint 127 pc pour le trafic international passagers et 138 pc pour les mouvements par rapport \u00e0 la m\u00eame p\u00e9riode de 2019, soit la situation d\u2019avant la crise de la Covid-19, souligne l\u2019ONDA dans un communiqu\u00e9.<\/p>\n<p style=\"text-align: justify;\">Pour le seul mois de juillet 2021, l\u2019a\u00e9roport Nador-El Aroui a accueilli 102.768 passagers sur les vols internationaux, tandis que 136.513 passagers ont utilis\u00e9 cet a\u00e9roport en ao\u00fbt 2021.<\/p>\n<p style=\"text-align: justify;\">A noter que cette p\u00e9riode a \u00e9t\u00e9 marqu\u00e9e par la mise en service du nouveau terminal de l\u2019a\u00e9roport Nador-El Aroui qui a apport\u00e9 une capacit\u00e9 annuelle d\u2019accueil de 2 millions de passagers.<\/p>\n<p style=\"text-align: justify;\">Pour ce qui est de la connectivit\u00e9, l\u2019a\u00e9roport de Nador arrive en cinqui\u00e8me position au niveau national, avec un total de 18 liaisons a\u00e9riennes.<\/p>\n<p style=\"text-align: justify;\">Les a\u00e9roports du Maroc ont enregistr\u00e9 durant la m\u00eame p\u00e9riode un volume de trafic commercial international de 3.560.526 passagers, accueillis \u00e0 travers 31.202 vols internationaux.<\/p>\n<p style=\"text-align: justify;\">Ce volume repr\u00e9sente un taux de r\u00e9cup\u00e9ration par rapport \u00e0 la m\u00eame p\u00e9riode de l\u2019ann\u00e9e 2019, de 65 pc pour les passagers et de 77 pc pour les mouvements.<\/p>\n<\/div>\n<p>L\u2019article <a rel=\"nofollow\" href=\"http:\/\/www.mapoujda.ma\/fr\/aeroport-nador-plus-de-274-mille-passagers-entre-le-15-juin-et-le-31-aout\/\">A\u00e9roport Nador: Plus de 274 mille passagers entre le 15 juin et le 31 ao\u00fbt<\/a> est apparu en premier sur <a rel=\"nofollow\" href=\"http:\/\/www.mapoujda.ma\/fr\">MapOujda<\/a>.<\/p>\n<\/div>\n<p>Auteur: Soufiane ELAHMAR<br \/>\n<a href=\"http:\/\/www.mapoujda.ma\/fr\/aeroport-nador-plus-de-274-mille-passagers-entre-le-15-juin-et-le-31-aout\/\">Cliquez ici pour lire l&rsquo;article depuis sa source.<\/a><\/p>\n","protected":false},"excerpt":{"rendered":"<p>L\u2019a\u00e9roport Nador-El Aroui a enregistr\u00e9, entre le 15 juin et le 31 ao\u00fbt derniers, quelque 274.048 passagers, \u00e0 travers 2.246 vols internationaux, a indiqu\u00e9 l\u2019Office national des a\u00e9roports (ONDA). Le taux de r\u00e9cup\u00e9ration atteint 127 pc pour le trafic international passagers et 138 pc pour les mouvements par rapport \u00e0 la m\u00eame p\u00e9riode de 2019, [&hellip;]<\/p>\n","protected":false},"author":1788,"featured_media":0,"comment_status":"closed","ping_status":"closed","sticky":false,"template":"","format":"standard","meta":{"fifu_image_url":"http:\/\/www.mapoujda.ma\/map\/uploads\/2021\/03\/Contr\u00f4le-des-passeports-a\u00e9roport-dOujda-750\u00d7430-MAP.jpg","fifu_image_alt":"A\u00e9roport Nador: Plus de 274 mille passagers entre le 15 juin et le 31 ao\u00fbt","footnotes":""},"categories":[54,76],"tags":[],"class_list":["post-127699","post","type-post","status-publish","format-standard","hentry","category-maroc","category-regions"],"_links":{"self":[{"href":"https:\/\/linitiative.ca\/International\/wp-json\/wp\/v2\/posts\/127699","targetHints":{"allow":["GET"]}}],"collection":[{"href":"https:\/\/linitiative.ca\/International\/wp-json\/wp\/v2\/posts"}],"about":[{"href":"https:\/\/linitiative.ca\/International\/wp-json\/wp\/v2\/types\/post"}],"author":[{"embeddable":true,"href":"https:\/\/linitiative.ca\/International\/wp-json\/wp\/v2\/users\/1788"}],"replies":[{"embeddable":true,"href":"https:\/\/linitiative.ca\/International\/wp-json\/wp\/v2\/comments?post=127699"}],"version-history":[{"count":0,"href":"https:\/\/linitiative.ca\/International\/wp-json\/wp\/v2\/posts\/127699\/revisions"}],"wp:attachment":[{"href":"https:\/\/linitiative.ca\/International\/wp-json\/wp\/v2\/media?parent=127699"}],"wp:term":[{"taxonomy":"category","embeddable":true,"href":"https:\/\/linitiative.ca\/International\/wp-json\/wp\/v2\/categories?post=127699"},{"taxonomy":"post_tag","embeddable":true,"href":"https:\/\/linitiative.ca\/International\/wp-json\/wp\/v2\/tags?post=127699"}],"curies":[{"name":"wp","href":"https:\/\/api.w.org\/{rel}","templated":true}]}}