{"id":127704,"date":"2021-09-21T11:13:04","date_gmt":"2021-09-21T15:13:04","guid":{"rendered":"https:\/\/linitiative.ca\/International\/energie-electrique-hausse-de-69-de-la-production-a-fin-juillet\/"},"modified":"2021-09-21T11:13:04","modified_gmt":"2021-09-21T15:13:04","slug":"energie-electrique-hausse-de-69-de-la-production-a-fin-juillet","status":"publish","type":"post","link":"https:\/\/linitiative.ca\/International\/energie-electrique-hausse-de-69-de-la-production-a-fin-juillet\/","title":{"rendered":"Energie \u00e9lectrique: Hausse de 6,9% de la production \u00e0 fin juillet"},"content":{"rendered":"<div>\n<div class=\"field field-name-body field-type-text-with-summary field-label-hidden\">\n<div class=\"field-items\">\n<div class=\"field-item even\" property=\"content:encoded\">\n<p class=\"rtejustify\">La production nationale de l&rsquo;\u00e9nergie \u00e9lectrique a augment\u00e9 de\u00a06,9% \u00e0 fin juillet 2021, contre une baisse de 6,2% un an auparavant, d\u00e9passant l\u00e9g\u00e8rement son niveau d\u2019avant la crise, indique la Direction des \u00e9tudes et des pr\u00e9visions financi\u00e8res (DEPF). Cette performance provient du\u00a0raffermissement de la production priv\u00e9e (+5,9%), de celle de l\u2019ONEE (+10%) et de celle des \u00e9nergies renouvelables relatives \u00e0 la loi 13-09 (+9,5%), explique la DEPF dans sa derni\u00e8re note de conjoncture.<\/p>\n<\/div>\n<\/div>\n<\/div>\n<\/div>\n<p>Auteur: hgueye<br \/>\n<a href=\"https:\/\/www.leconomiste.com\/flash-infos\/energie-electrique-hausse-de-6-9-de-la-production-fin-juillet\">Cliquez ici pour lire l&rsquo;article depuis sa source.<\/a><\/p>\n","protected":false},"excerpt":{"rendered":"<p>La production nationale de l&rsquo;\u00e9nergie \u00e9lectrique a augment\u00e9 de\u00a06,9% \u00e0 fin juillet 2021, contre une baisse de 6,2% un an auparavant, d\u00e9passant l\u00e9g\u00e8rement son niveau d\u2019avant la crise, indique la Direction des \u00e9tudes et des pr\u00e9visions financi\u00e8res (DEPF). Cette performance provient du\u00a0raffermissement de la production priv\u00e9e (+5,9%), de celle de l\u2019ONEE (+10%) et de celle [&hellip;]<\/p>\n","protected":false},"author":1763,"featured_media":0,"comment_status":"closed","ping_status":"closed","sticky":false,"template":"","format":"standard","meta":{"fifu_image_url":"","fifu_image_alt":"","footnotes":""},"categories":[78,54],"tags":[],"class_list":["post-127704","post","type-post","status-publish","format-standard","hentry","category-economie","category-maroc"],"_links":{"self":[{"href":"https:\/\/linitiative.ca\/International\/wp-json\/wp\/v2\/posts\/127704","targetHints":{"allow":["GET"]}}],"collection":[{"href":"https:\/\/linitiative.ca\/International\/wp-json\/wp\/v2\/posts"}],"about":[{"href":"https:\/\/linitiative.ca\/International\/wp-json\/wp\/v2\/types\/post"}],"author":[{"embeddable":true,"href":"https:\/\/linitiative.ca\/International\/wp-json\/wp\/v2\/users\/1763"}],"replies":[{"embeddable":true,"href":"https:\/\/linitiative.ca\/International\/wp-json\/wp\/v2\/comments?post=127704"}],"version-history":[{"count":0,"href":"https:\/\/linitiative.ca\/International\/wp-json\/wp\/v2\/posts\/127704\/revisions"}],"wp:attachment":[{"href":"https:\/\/linitiative.ca\/International\/wp-json\/wp\/v2\/media?parent=127704"}],"wp:term":[{"taxonomy":"category","embeddable":true,"href":"https:\/\/linitiative.ca\/International\/wp-json\/wp\/v2\/categories?post=127704"},{"taxonomy":"post_tag","embeddable":true,"href":"https:\/\/linitiative.ca\/International\/wp-json\/wp\/v2\/tags?post=127704"}],"curies":[{"name":"wp","href":"https:\/\/api.w.org\/{rel}","templated":true}]}}