{"id":127707,"date":"2021-09-21T03:45:00","date_gmt":"2021-09-21T07:45:00","guid":{"rendered":"https:\/\/linitiative.ca\/International\/barca-koeman-sagace-face-aux-journalistes\/"},"modified":"2021-09-21T03:45:00","modified_gmt":"2021-09-21T07:45:00","slug":"barca-koeman-sagace-face-aux-journalistes","status":"publish","type":"post","link":"https:\/\/linitiative.ca\/International\/barca-koeman-sagace-face-aux-journalistes\/","title":{"rendered":"Bar\u00e7a : Koeman s&rsquo;agace face aux journalistes"},"content":{"rendered":"<div>Accroch\u00e9 par Grenade (1-1), lundi en Liga, le FC Barcelone perd d\u00e9j\u00e0 du terrain sur ses principaux concurrents pour le titre<img loading=\"lazy\" decoding=\"async\" src=\"http:\/\/feeds.feedburner.com\/~r\/GalerieFArtciles\/~4\/V_OBUaZYHVs\" height=\"1\" width=\"1\" alt=\"\"><\/div>\n<p>Auteur:<br \/>\n<a href=\"http:\/\/www.lebuteur.com\/article\/detail?titre=barca-koeman-sagace-face-aux-journalistes&#038;id=101139&#038;utm_source=feedburner&#038;utm_medium=feed&#038;utm_campaign=Feed%3A+GalerieFArtciles+%28Les+derniers+articles++-+lebuteur.com%29\">Cliquez ici pour lire l&rsquo;article depuis sa source.<\/a><\/p>\n","protected":false},"excerpt":{"rendered":"<p>Accroch\u00e9 par Grenade (1-1), lundi en Liga, le FC Barcelone perd d\u00e9j\u00e0 du terrain sur ses principaux concurrents pour le titre Auteur: Cliquez ici pour lire l&rsquo;article depuis sa source.<\/p>\n","protected":false},"author":1738,"featured_media":0,"comment_status":"closed","ping_status":"closed","sticky":false,"template":"","format":"standard","meta":{"fifu_image_url":"http:\/\/feeds.feedburner.com\/~r\/GalerieFArtciles\/~4\/V_OBUaZYHVs","fifu_image_alt":"<div>Bar\u00e7a : Koeman s'agace face aux journalistes<\/div>","footnotes":""},"categories":[53,75],"tags":[],"class_list":["post-127707","post","type-post","status-publish","format-standard","hentry","category-algerie","category-sport"],"_links":{"self":[{"href":"https:\/\/linitiative.ca\/International\/wp-json\/wp\/v2\/posts\/127707","targetHints":{"allow":["GET"]}}],"collection":[{"href":"https:\/\/linitiative.ca\/International\/wp-json\/wp\/v2\/posts"}],"about":[{"href":"https:\/\/linitiative.ca\/International\/wp-json\/wp\/v2\/types\/post"}],"author":[{"embeddable":true,"href":"https:\/\/linitiative.ca\/International\/wp-json\/wp\/v2\/users\/1738"}],"replies":[{"embeddable":true,"href":"https:\/\/linitiative.ca\/International\/wp-json\/wp\/v2\/comments?post=127707"}],"version-history":[{"count":0,"href":"https:\/\/linitiative.ca\/International\/wp-json\/wp\/v2\/posts\/127707\/revisions"}],"wp:attachment":[{"href":"https:\/\/linitiative.ca\/International\/wp-json\/wp\/v2\/media?parent=127707"}],"wp:term":[{"taxonomy":"category","embeddable":true,"href":"https:\/\/linitiative.ca\/International\/wp-json\/wp\/v2\/categories?post=127707"},{"taxonomy":"post_tag","embeddable":true,"href":"https:\/\/linitiative.ca\/International\/wp-json\/wp\/v2\/tags?post=127707"}],"curies":[{"name":"wp","href":"https:\/\/api.w.org\/{rel}","templated":true}]}}