{"id":127708,"date":"2021-09-21T06:30:00","date_gmt":"2021-09-21T10:30:00","guid":{"rendered":"https:\/\/linitiative.ca\/International\/psg-une-menace-zidane-qui-pese-sur-pochettino\/"},"modified":"2021-09-21T06:30:00","modified_gmt":"2021-09-21T10:30:00","slug":"psg-une-menace-zidane-qui-pese-sur-pochettino","status":"publish","type":"post","link":"https:\/\/linitiative.ca\/International\/psg-une-menace-zidane-qui-pese-sur-pochettino\/","title":{"rendered":"PSG : Une menace Zidane qui p\u00e8se sur Pochettino ?"},"content":{"rendered":"<div>Mauricio Pochettino a les oreilles qui sifflent depuis dimanche. Cons\u00e9quence de sa d\u00e9cision de sortir Lionel Messi face \u00e0 l&rsquo;OL&#8230;<img loading=\"lazy\" decoding=\"async\" src=\"http:\/\/feeds.feedburner.com\/~r\/GalerieFArtciles\/~4\/YEiIWFSmOII\" height=\"1\" width=\"1\" alt=\"\"><\/div>\n<p>Auteur:<br \/>\n<a href=\"http:\/\/www.lebuteur.com\/article\/detail?titre=psg-une-menace-zidane-qui-pese-sur-pochettino&#038;id=101140&#038;utm_source=feedburner&#038;utm_medium=feed&#038;utm_campaign=Feed%3A+GalerieFArtciles+%28Les+derniers+articles++-+lebuteur.com%29\">Cliquez ici pour lire l&rsquo;article depuis sa source.<\/a><\/p>\n","protected":false},"excerpt":{"rendered":"<p>Mauricio Pochettino a les oreilles qui sifflent depuis dimanche. Cons\u00e9quence de sa d\u00e9cision de sortir Lionel Messi face \u00e0 l&rsquo;OL&#8230; Auteur: Cliquez ici pour lire l&rsquo;article depuis sa source.<\/p>\n","protected":false},"author":1738,"featured_media":0,"comment_status":"closed","ping_status":"closed","sticky":false,"template":"","format":"standard","meta":{"fifu_image_url":"http:\/\/feeds.feedburner.com\/~r\/GalerieFArtciles\/~4\/YEiIWFSmOII","fifu_image_alt":"PSG : Une menace Zidane qui p\u00e8se sur Pochettino ?","footnotes":""},"categories":[53,75],"tags":[],"class_list":["post-127708","post","type-post","status-publish","format-standard","hentry","category-algerie","category-sport"],"_links":{"self":[{"href":"https:\/\/linitiative.ca\/International\/wp-json\/wp\/v2\/posts\/127708","targetHints":{"allow":["GET"]}}],"collection":[{"href":"https:\/\/linitiative.ca\/International\/wp-json\/wp\/v2\/posts"}],"about":[{"href":"https:\/\/linitiative.ca\/International\/wp-json\/wp\/v2\/types\/post"}],"author":[{"embeddable":true,"href":"https:\/\/linitiative.ca\/International\/wp-json\/wp\/v2\/users\/1738"}],"replies":[{"embeddable":true,"href":"https:\/\/linitiative.ca\/International\/wp-json\/wp\/v2\/comments?post=127708"}],"version-history":[{"count":0,"href":"https:\/\/linitiative.ca\/International\/wp-json\/wp\/v2\/posts\/127708\/revisions"}],"wp:attachment":[{"href":"https:\/\/linitiative.ca\/International\/wp-json\/wp\/v2\/media?parent=127708"}],"wp:term":[{"taxonomy":"category","embeddable":true,"href":"https:\/\/linitiative.ca\/International\/wp-json\/wp\/v2\/categories?post=127708"},{"taxonomy":"post_tag","embeddable":true,"href":"https:\/\/linitiative.ca\/International\/wp-json\/wp\/v2\/tags?post=127708"}],"curies":[{"name":"wp","href":"https:\/\/api.w.org\/{rel}","templated":true}]}}