{"id":127723,"date":"2021-09-21T08:11:00","date_gmt":"2021-09-21T12:11:00","guid":{"rendered":"https:\/\/linitiative.ca\/International\/ami-assurances-se-donne-les-moyens-de-ses-ambitions-et-annonce-laugmentation-de-son-capital\/"},"modified":"2021-09-21T08:11:00","modified_gmt":"2021-09-21T12:11:00","slug":"ami-assurances-se-donne-les-moyens-de-ses-ambitions-et-annonce-laugmentation-de-son-capital","status":"publish","type":"post","link":"https:\/\/linitiative.ca\/International\/ami-assurances-se-donne-les-moyens-de-ses-ambitions-et-annonce-laugmentation-de-son-capital\/","title":{"rendered":"AMI Assurances se donne les moyens de ses ambitions et annonce l\u2019augmentation de son capital"},"content":{"rendered":"<div><img decoding=\"async\" src=\"https:\/\/linitiative.ca\/International\/wp-content\/uploads\/sites\/23\/2021\/09\/1632223612_article.jpg\" alt=\"AMI Assurances se donne les moyens de ses ambitions et annonce l\u2019augmentation de son capital\" align=\"left\">AMI Assurances s\u2019est engag\u00e9e depuis plus de trois ans dans un plan de restructuration qui pr\u00e9voit une recapitalisation de 185 millions de dinars permettant \u00e0 la compagnie de renforcer ses fonds propres, d\u2019am\u00e9liorer ses ratios r\u00e8glementaires et d\u2019acc\u00e9l\u00e9rer son d\u00e9veloppement.<br \/>\nDans le cadre de la mise en \u0153uvre de son plan de d\u00e9veloppement et de restructuration financi\u00e8re, adopt\u00e9 par le Conseil d\u2019Administration, la compagnie AMI Assurances a d\u00e9cid\u00e9 d\u2019augmenter son capital social en num\u00e9raire pour le porter de 41 millions de dinars \u00e0 87,4 millions de dinars.<br \/>\nLa soci\u00e9t\u00e9 a obtenu, \u00e0 cet effet, le Visa du Conseil du March\u00e9 Financier (CMF) au Prospectus d\u2019\u00e9mission &#8230;<\/p>\n<\/div>\n<p>Auteur:<br \/>\n<a href=\"https:\/\/www.leaders.com.tn\/article\/32435-ami-assurances-se-donne-les-moyens-de-ses-ambitions-et-annonce-l-augmentation-de-son-capital\">Cliquez ici pour lire l&rsquo;article depuis sa source.<\/a><\/p>\n","protected":false},"excerpt":{"rendered":"<p>AMI Assurances s\u2019est engag\u00e9e depuis plus de trois ans dans un plan de restructuration qui pr\u00e9voit une recapitalisation de 185 millions de dinars permettant \u00e0 la compagnie de renforcer ses fonds propres, d\u2019am\u00e9liorer ses ratios r\u00e8glementaires et d\u2019acc\u00e9l\u00e9rer son d\u00e9veloppement. Dans le cadre de la mise en \u0153uvre de son plan de d\u00e9veloppement et de [&hellip;]<\/p>\n","protected":false},"author":1772,"featured_media":0,"comment_status":"closed","ping_status":"closed","sticky":false,"template":"","format":"standard","meta":{"fifu_image_url":"http:\/\/www.leaders.com.tn\/uploads\/content\/thumbnails_small\/1632223612_article.jpg","fifu_image_alt":"AMI Assurances se donne les moyens de ses ambitions et annonce l\u2019augmentation de son capital","footnotes":""},"categories":[73,55],"tags":[],"class_list":["post-127723","post","type-post","status-publish","format-standard","hentry","category-actualite","category-tunisie"],"_links":{"self":[{"href":"https:\/\/linitiative.ca\/International\/wp-json\/wp\/v2\/posts\/127723","targetHints":{"allow":["GET"]}}],"collection":[{"href":"https:\/\/linitiative.ca\/International\/wp-json\/wp\/v2\/posts"}],"about":[{"href":"https:\/\/linitiative.ca\/International\/wp-json\/wp\/v2\/types\/post"}],"author":[{"embeddable":true,"href":"https:\/\/linitiative.ca\/International\/wp-json\/wp\/v2\/users\/1772"}],"replies":[{"embeddable":true,"href":"https:\/\/linitiative.ca\/International\/wp-json\/wp\/v2\/comments?post=127723"}],"version-history":[{"count":0,"href":"https:\/\/linitiative.ca\/International\/wp-json\/wp\/v2\/posts\/127723\/revisions"}],"wp:attachment":[{"href":"https:\/\/linitiative.ca\/International\/wp-json\/wp\/v2\/media?parent=127723"}],"wp:term":[{"taxonomy":"category","embeddable":true,"href":"https:\/\/linitiative.ca\/International\/wp-json\/wp\/v2\/categories?post=127723"},{"taxonomy":"post_tag","embeddable":true,"href":"https:\/\/linitiative.ca\/International\/wp-json\/wp\/v2\/tags?post=127723"}],"curies":[{"name":"wp","href":"https:\/\/api.w.org\/{rel}","templated":true}]}}