{"id":127725,"date":"2021-09-21T10:20:00","date_gmt":"2021-09-21T14:20:00","guid":{"rendered":"https:\/\/linitiative.ca\/International\/tunisie-mon-pays-souffre-sur-le-plan-politique-et-economique\/"},"modified":"2021-09-21T10:20:00","modified_gmt":"2021-09-21T14:20:00","slug":"tunisie-mon-pays-souffre-sur-le-plan-politique-et-economique","status":"publish","type":"post","link":"https:\/\/linitiative.ca\/International\/tunisie-mon-pays-souffre-sur-le-plan-politique-et-economique\/","title":{"rendered":"Tunisie: Mon pays souffre sur le plan politique et \u00e9conomique"},"content":{"rendered":"<div><img decoding=\"async\" src=\"https:\/\/linitiative.ca\/International\/wp-content\/uploads\/sites\/23\/2021\/09\/1632237795_article.jpg\" alt=\"Tunisie: Mon pays souffre sur le plan politique et \u00e9conomique\" align=\"left\">Par Mokhtar el khlifi &#8211; Ma Tunisie ou vas-tu ? Ou va-t-on te mener ? Beaucoup de mouvements et de bruit mais pas de grains moulus. Si on travaille en catimini, je veux bien mais si on n\u2019associe pas le peuple c\u2019est la n\u00e9gation de la d\u00e9mocratie. Seul, un Pr\u00e9sident de la R\u00e9publique, si dou\u00e9 soit-il, ne peut rien faire de bon et de p\u00e9renne. Pourquoi ce refus de dialoguer avec les composantes de la soci\u00e9t\u00e9 et les forces vives du pays\u00a0 et s\u2019ouvrir aux m\u00e9dias? Tout ce monde l\u00e0 est corrompu ou ignare en politique ? N\u2019est-ce pas pr\u00e9tentieux de pr\u00e9tendre tout connaitre quand bien m\u00eame vous avez r\u00e9alis\u00e9 quelques consultations ?<br \/>\nLe risque est qu\u2019on accouche d\u2019un nouveau &#8230;<\/p>\n<\/div>\n<p>Auteur:<br \/>\n<a href=\"https:\/\/www.leaders.com.tn\/article\/32436-tunisie-mon-pays-souffre-sur-le-plan-politique-et-economique\">Cliquez ici pour lire l&rsquo;article depuis sa source.<\/a><\/p>\n","protected":false},"excerpt":{"rendered":"<p>Par Mokhtar el khlifi &#8211; Ma Tunisie ou vas-tu ? Ou va-t-on te mener ? Beaucoup de mouvements et de bruit mais pas de grains moulus. Si on travaille en catimini, je veux bien mais si on n\u2019associe pas le peuple c\u2019est la n\u00e9gation de la d\u00e9mocratie. Seul, un Pr\u00e9sident de la R\u00e9publique, si dou\u00e9 [&hellip;]<\/p>\n","protected":false},"author":1772,"featured_media":0,"comment_status":"closed","ping_status":"closed","sticky":false,"template":"","format":"standard","meta":{"fifu_image_url":"http:\/\/www.leaders.com.tn\/uploads\/content\/thumbnails_small\/1632237795_article.jpg","fifu_image_alt":"Tunisie: Mon pays souffre sur le plan politique et \u00e9conomique","footnotes":""},"categories":[73,55],"tags":[],"class_list":["post-127725","post","type-post","status-publish","format-standard","hentry","category-actualite","category-tunisie"],"_links":{"self":[{"href":"https:\/\/linitiative.ca\/International\/wp-json\/wp\/v2\/posts\/127725","targetHints":{"allow":["GET"]}}],"collection":[{"href":"https:\/\/linitiative.ca\/International\/wp-json\/wp\/v2\/posts"}],"about":[{"href":"https:\/\/linitiative.ca\/International\/wp-json\/wp\/v2\/types\/post"}],"author":[{"embeddable":true,"href":"https:\/\/linitiative.ca\/International\/wp-json\/wp\/v2\/users\/1772"}],"replies":[{"embeddable":true,"href":"https:\/\/linitiative.ca\/International\/wp-json\/wp\/v2\/comments?post=127725"}],"version-history":[{"count":0,"href":"https:\/\/linitiative.ca\/International\/wp-json\/wp\/v2\/posts\/127725\/revisions"}],"wp:attachment":[{"href":"https:\/\/linitiative.ca\/International\/wp-json\/wp\/v2\/media?parent=127725"}],"wp:term":[{"taxonomy":"category","embeddable":true,"href":"https:\/\/linitiative.ca\/International\/wp-json\/wp\/v2\/categories?post=127725"},{"taxonomy":"post_tag","embeddable":true,"href":"https:\/\/linitiative.ca\/International\/wp-json\/wp\/v2\/tags?post=127725"}],"curies":[{"name":"wp","href":"https:\/\/api.w.org\/{rel}","templated":true}]}}