{"id":127732,"date":"2021-09-21T10:45:14","date_gmt":"2021-09-21T14:45:14","guid":{"rendered":"https:\/\/linitiative.ca\/International\/maroc-espagne-nasser-bourita-sentretiendra-mercredi-avec-le-nouveau-ministre-des-affaires-etrangeres\/"},"modified":"2021-09-21T10:45:14","modified_gmt":"2021-09-21T14:45:14","slug":"maroc-espagne-nasser-bourita-sentretiendra-mercredi-avec-le-nouveau-ministre-des-affaires-etrangeres","status":"publish","type":"post","link":"https:\/\/linitiative.ca\/International\/maroc-espagne-nasser-bourita-sentretiendra-mercredi-avec-le-nouveau-ministre-des-affaires-etrangeres\/","title":{"rendered":"Maroc-Espagne. Nasser Bourita s\u2019entretiendra mercredi avec le nouveau ministre des Affaires \u00e9trang\u00e8res"},"content":{"rendered":"<div><img decoding=\"async\" width=\"413\" height=\"249\" src=\"https:\/\/linitiative.ca\/International\/wp-content\/uploads\/sites\/23\/2021\/09\/Nasser-Bourita-ministre-des-Affaires-etrangeres-e1629905542168.png\" class=\"attachment-post-thumbnail size-post-thumbnail wp-post-image\" alt=\"\" loading=\"lazy\" srcset=\"https:\/\/linitiative.ca\/International\/wp-content\/uploads\/sites\/23\/2021\/09\/Nasser-Bourita-ministre-des-Affaires-etrangeres-e1629905542168.png 413w, https:\/\/www.challenge.ma\/wp-content\/uploads\/2021\/08\/Nasser-Bourita-ministre-des-Affaires-etrangeres-e1629905542168-300x181.png 300w, https:\/\/www.challenge.ma\/wp-content\/uploads\/2021\/08\/Nasser-Bourita-ministre-des-Affaires-etrangeres-e1629905542168-360x217.png 360w\" sizes=\"auto, (max-width: 413px) 100vw, 413px\" itemprop=\"image\">Quelques mois apr\u00e8s la crise diplomatique ayant eu lieu entre le Maroc et l\u2019Espagne, un premier entretien devrait avoir lieu ce mercredi entre les ministres des Affaires \u00e9trang\u00e8res des deux pays. Selon l\u2019agence de presse espagnole EFE, l\u2019entretien aura lieu en visioconf\u00e9rence et a \u00e9t\u00e9 d\u00e9cid\u00e9 \u00e0 la demande de<\/div>\n<p>Auteur: Amine Messaoudi<br \/>\n<a href=\"https:\/\/www.challenge.ma\/maroc-espagne-nasser-bourita-sentretiendra-mercredi-avec-le-nouveau-ministre-des-affaires-etrangeres-espagnol-221397\/\">Cliquez ici pour lire l&rsquo;article depuis sa source.<\/a><\/p>\n","protected":false},"excerpt":{"rendered":"<p>Quelques mois apr\u00e8s la crise diplomatique ayant eu lieu entre le Maroc et l\u2019Espagne, un premier entretien devrait avoir lieu ce mercredi entre les ministres des Affaires \u00e9trang\u00e8res des deux pays. Selon l\u2019agence de presse espagnole EFE, l\u2019entretien aura lieu en visioconf\u00e9rence et a \u00e9t\u00e9 d\u00e9cid\u00e9 \u00e0 la demande de Auteur: Amine Messaoudi Cliquez ici [&hellip;]<\/p>\n","protected":false},"author":1787,"featured_media":0,"comment_status":"closed","ping_status":"closed","sticky":false,"template":"","format":"standard","meta":{"fifu_image_url":"https:\/\/www.challenge.ma\/wp-content\/uploads\/2021\/08\/Nasser-Bourita-ministre-des-Affaires-etrangeres-e1629905542168.png","fifu_image_alt":"Maroc-Espagne. Nasser Bourita s\u2019entretiendra mercredi avec le nouveau ministre des Affaires \u00e9trang\u00e8res","footnotes":""},"categories":[78,54],"tags":[],"class_list":["post-127732","post","type-post","status-publish","format-standard","hentry","category-economie","category-maroc"],"_links":{"self":[{"href":"https:\/\/linitiative.ca\/International\/wp-json\/wp\/v2\/posts\/127732","targetHints":{"allow":["GET"]}}],"collection":[{"href":"https:\/\/linitiative.ca\/International\/wp-json\/wp\/v2\/posts"}],"about":[{"href":"https:\/\/linitiative.ca\/International\/wp-json\/wp\/v2\/types\/post"}],"author":[{"embeddable":true,"href":"https:\/\/linitiative.ca\/International\/wp-json\/wp\/v2\/users\/1787"}],"replies":[{"embeddable":true,"href":"https:\/\/linitiative.ca\/International\/wp-json\/wp\/v2\/comments?post=127732"}],"version-history":[{"count":0,"href":"https:\/\/linitiative.ca\/International\/wp-json\/wp\/v2\/posts\/127732\/revisions"}],"wp:attachment":[{"href":"https:\/\/linitiative.ca\/International\/wp-json\/wp\/v2\/media?parent=127732"}],"wp:term":[{"taxonomy":"category","embeddable":true,"href":"https:\/\/linitiative.ca\/International\/wp-json\/wp\/v2\/categories?post=127732"},{"taxonomy":"post_tag","embeddable":true,"href":"https:\/\/linitiative.ca\/International\/wp-json\/wp\/v2\/tags?post=127732"}],"curies":[{"name":"wp","href":"https:\/\/api.w.org\/{rel}","templated":true}]}}