{"id":127736,"date":"2021-09-21T11:50:21","date_gmt":"2021-09-21T15:50:21","guid":{"rendered":"https:\/\/linitiative.ca\/International\/lex-ministre-espagnole-des-affaires-etrangeres-objet-dune-enquete-sur-lentree-du-chef-du-polisario\/"},"modified":"2021-09-21T11:50:21","modified_gmt":"2021-09-21T15:50:21","slug":"lex-ministre-espagnole-des-affaires-etrangeres-objet-dune-enquete-sur-lentree-du-chef-du-polisario","status":"publish","type":"post","link":"https:\/\/linitiative.ca\/International\/lex-ministre-espagnole-des-affaires-etrangeres-objet-dune-enquete-sur-lentree-du-chef-du-polisario\/","title":{"rendered":"L\u2019ex-ministre espagnole des Affaires \u00e9trang\u00e8res objet d\u2019une enqu\u00eate sur l\u2019entr\u00e9e du chef du Polisario"},"content":{"rendered":"<div><img decoding=\"async\" width=\"802\" height=\"523\" src=\"https:\/\/linitiative.ca\/International\/wp-content\/uploads\/sites\/23\/2021\/09\/Arancha-Gonzalez-Laya-ex-ministre-espagnole-des-Affaires-etrangeres.jpg\" class=\"attachment-post-thumbnail size-post-thumbnail wp-post-image\" alt=\"\" loading=\"lazy\" srcset=\"https:\/\/linitiative.ca\/International\/wp-content\/uploads\/sites\/23\/2021\/09\/Arancha-Gonzalez-Laya-ex-ministre-espagnole-des-Affaires-etrangeres.jpg 802w, https:\/\/www.challenge.ma\/wp-content\/uploads\/2021\/09\/Arancha-Gonzalez-Laya-ex-ministre-espagnole-des-Affaires-etrangeres-300x196.jpg 300w, https:\/\/www.challenge.ma\/wp-content\/uploads\/2021\/09\/Arancha-Gonzalez-Laya-ex-ministre-espagnole-des-Affaires-etrangeres-768x501.jpg 768w, https:\/\/www.challenge.ma\/wp-content\/uploads\/2021\/09\/Arancha-Gonzalez-Laya-ex-ministre-espagnole-des-Affaires-etrangeres-360x235.jpg 360w, https:\/\/www.challenge.ma\/wp-content\/uploads\/2021\/09\/Arancha-Gonzalez-Laya-ex-ministre-espagnole-des-Affaires-etrangeres-750x489.jpg 750w\" sizes=\"auto, (max-width: 802px) 100vw, 802px\" itemprop=\"image\">L\u2019ex-ministre espagnole des Affaires \u00e9trang\u00e8res fait actuellement l\u2019objet d\u2019une enqu\u00eate sur les conditions de l\u2019accueil en Avril dernier du chef du Front Polisario Brahim Ghali pour y \u00eatre soign\u00e9 du Covid-19, a indiqu\u00e9 mardi la justice espagnole. Un juge d\u2019instruction du tribunal de Saragosse, ville o\u00f9 avait atterri Ghali, \u00ab<\/div>\n<p>Auteur: Amine Messaoudi<br \/>\n<a href=\"https:\/\/www.challenge.ma\/lex-ministre-espagnole-des-affaires-etrangeres-objet-dune-enquete-sur-lentree-en-espagne-du-chef-du-polisario-221408\/\">Cliquez ici pour lire l&rsquo;article depuis sa source.<\/a><\/p>\n","protected":false},"excerpt":{"rendered":"<p>L\u2019ex-ministre espagnole des Affaires \u00e9trang\u00e8res fait actuellement l\u2019objet d\u2019une enqu\u00eate sur les conditions de l\u2019accueil en Avril dernier du chef du Front Polisario Brahim Ghali pour y \u00eatre soign\u00e9 du Covid-19, a indiqu\u00e9 mardi la justice espagnole. Un juge d\u2019instruction du tribunal de Saragosse, ville o\u00f9 avait atterri Ghali, \u00ab Auteur: Amine Messaoudi Cliquez ici [&hellip;]<\/p>\n","protected":false},"author":1787,"featured_media":0,"comment_status":"closed","ping_status":"closed","sticky":false,"template":"","format":"standard","meta":{"fifu_image_url":"https:\/\/www.challenge.ma\/wp-content\/uploads\/2021\/09\/Arancha-Gonzalez-Laya-ex-ministre-espagnole-des-Affaires-etrangeres.jpg","fifu_image_alt":"L\u2019ex-ministre espagnole des Affaires \u00e9trang\u00e8res objet d\u2019une enqu\u00eate sur l\u2019entr\u00e9e du chef du Polisario","footnotes":""},"categories":[78,54],"tags":[],"class_list":["post-127736","post","type-post","status-publish","format-standard","hentry","category-economie","category-maroc"],"_links":{"self":[{"href":"https:\/\/linitiative.ca\/International\/wp-json\/wp\/v2\/posts\/127736","targetHints":{"allow":["GET"]}}],"collection":[{"href":"https:\/\/linitiative.ca\/International\/wp-json\/wp\/v2\/posts"}],"about":[{"href":"https:\/\/linitiative.ca\/International\/wp-json\/wp\/v2\/types\/post"}],"author":[{"embeddable":true,"href":"https:\/\/linitiative.ca\/International\/wp-json\/wp\/v2\/users\/1787"}],"replies":[{"embeddable":true,"href":"https:\/\/linitiative.ca\/International\/wp-json\/wp\/v2\/comments?post=127736"}],"version-history":[{"count":0,"href":"https:\/\/linitiative.ca\/International\/wp-json\/wp\/v2\/posts\/127736\/revisions"}],"wp:attachment":[{"href":"https:\/\/linitiative.ca\/International\/wp-json\/wp\/v2\/media?parent=127736"}],"wp:term":[{"taxonomy":"category","embeddable":true,"href":"https:\/\/linitiative.ca\/International\/wp-json\/wp\/v2\/categories?post=127736"},{"taxonomy":"post_tag","embeddable":true,"href":"https:\/\/linitiative.ca\/International\/wp-json\/wp\/v2\/tags?post=127736"}],"curies":[{"name":"wp","href":"https:\/\/api.w.org\/{rel}","templated":true}]}}