{"id":127738,"date":"2021-09-21T12:06:44","date_gmt":"2021-09-21T16:06:44","guid":{"rendered":"https:\/\/linitiative.ca\/International\/les-nouvelles-dates-des-examens-scolaires-pour-lannee-2021-2022-devoilees\/"},"modified":"2021-09-21T12:06:44","modified_gmt":"2021-09-21T16:06:44","slug":"les-nouvelles-dates-des-examens-scolaires-pour-lannee-2021-2022-devoilees","status":"publish","type":"post","link":"https:\/\/linitiative.ca\/International\/les-nouvelles-dates-des-examens-scolaires-pour-lannee-2021-2022-devoilees\/","title":{"rendered":"Les nouvelles dates des examens scolaires pour l\u2019ann\u00e9e 2021-2022 d\u00e9voil\u00e9es"},"content":{"rendered":"<div><img decoding=\"async\" width=\"700\" height=\"408\" src=\"https:\/\/linitiative.ca\/International\/wp-content\/uploads\/sites\/23\/2021\/09\/amzazi-masque-1-1.jpg\" class=\"attachment-post-thumbnail size-post-thumbnail wp-post-image\" alt=\"\" loading=\"lazy\" srcset=\"https:\/\/linitiative.ca\/International\/wp-content\/uploads\/sites\/23\/2021\/09\/amzazi-masque-1-1.jpg 700w, https:\/\/www.challenge.ma\/wp-content\/uploads\/2020\/09\/amzazi-masque-1-300x175.jpg 300w, https:\/\/www.challenge.ma\/wp-content\/uploads\/2020\/09\/amzazi-masque-1-360x210.jpg 360w\" sizes=\"auto, (max-width: 700px) 100vw, 700px\" itemprop=\"image\">Au niveau national, des modifications ont \u00e9t\u00e9 apport\u00e9es aux dates d\u2019examens. Nouvelles dates pour les examens locaux, r\u00e9gionaux et celui du baccalaur\u00e9at \u00e0 la suite du report de la rentr\u00e9e scolaire au 1er octobre. L\u2019ann\u00e9e scolaire \u00e9tant prolong\u00e9e au mois de juillet 2022, le minist\u00e8re de l\u2019\u00c9ducation nationale a publi\u00e9<\/div>\n<p>Auteur: Amine Messaoudi<br \/>\n<a href=\"https:\/\/www.challenge.ma\/les-nouvelles-dates-des-examens-scolaires-pour-lannee-2021-2022-devoilees-221416\/\">Cliquez ici pour lire l&rsquo;article depuis sa source.<\/a><\/p>\n","protected":false},"excerpt":{"rendered":"<p>Au niveau national, des modifications ont \u00e9t\u00e9 apport\u00e9es aux dates d\u2019examens. Nouvelles dates pour les examens locaux, r\u00e9gionaux et celui du baccalaur\u00e9at \u00e0 la suite du report de la rentr\u00e9e scolaire au 1er octobre. L\u2019ann\u00e9e scolaire \u00e9tant prolong\u00e9e au mois de juillet 2022, le minist\u00e8re de l\u2019\u00c9ducation nationale a publi\u00e9 Auteur: Amine Messaoudi Cliquez ici [&hellip;]<\/p>\n","protected":false},"author":1787,"featured_media":0,"comment_status":"closed","ping_status":"closed","sticky":false,"template":"","format":"standard","meta":{"fifu_image_url":"https:\/\/www.challenge.ma\/wp-content\/uploads\/2020\/09\/amzazi-masque-1.jpg","fifu_image_alt":"Les nouvelles dates des examens scolaires pour l\u2019ann\u00e9e 2021-2022 d\u00e9voil\u00e9es","footnotes":""},"categories":[78,54],"tags":[],"class_list":["post-127738","post","type-post","status-publish","format-standard","hentry","category-economie","category-maroc"],"_links":{"self":[{"href":"https:\/\/linitiative.ca\/International\/wp-json\/wp\/v2\/posts\/127738","targetHints":{"allow":["GET"]}}],"collection":[{"href":"https:\/\/linitiative.ca\/International\/wp-json\/wp\/v2\/posts"}],"about":[{"href":"https:\/\/linitiative.ca\/International\/wp-json\/wp\/v2\/types\/post"}],"author":[{"embeddable":true,"href":"https:\/\/linitiative.ca\/International\/wp-json\/wp\/v2\/users\/1787"}],"replies":[{"embeddable":true,"href":"https:\/\/linitiative.ca\/International\/wp-json\/wp\/v2\/comments?post=127738"}],"version-history":[{"count":0,"href":"https:\/\/linitiative.ca\/International\/wp-json\/wp\/v2\/posts\/127738\/revisions"}],"wp:attachment":[{"href":"https:\/\/linitiative.ca\/International\/wp-json\/wp\/v2\/media?parent=127738"}],"wp:term":[{"taxonomy":"category","embeddable":true,"href":"https:\/\/linitiative.ca\/International\/wp-json\/wp\/v2\/categories?post=127738"},{"taxonomy":"post_tag","embeddable":true,"href":"https:\/\/linitiative.ca\/International\/wp-json\/wp\/v2\/tags?post=127738"}],"curies":[{"name":"wp","href":"https:\/\/api.w.org\/{rel}","templated":true}]}}