{"id":127740,"date":"2021-09-21T12:35:48","date_gmt":"2021-09-21T16:35:48","guid":{"rendered":"https:\/\/linitiative.ca\/International\/industrie-hakim-abdelmoumen-elu-a-la-tete-de-lamica\/"},"modified":"2021-09-21T12:35:48","modified_gmt":"2021-09-21T16:35:48","slug":"industrie-hakim-abdelmoumen-elu-a-la-tete-de-lamica","status":"publish","type":"post","link":"https:\/\/linitiative.ca\/International\/industrie-hakim-abdelmoumen-elu-a-la-tete-de-lamica\/","title":{"rendered":"Industrie. Hakim Abdelmoumen \u00e9lu \u00e0 la t\u00eate de l\u2019AMICA"},"content":{"rendered":"<div><img decoding=\"async\" width=\"466\" height=\"327\" src=\"https:\/\/linitiative.ca\/International\/wp-content\/uploads\/sites\/23\/2021\/09\/Hakim-Abdelmoumen-.jpg\" class=\"attachment-post-thumbnail size-post-thumbnail wp-post-image\" alt=\"\" loading=\"lazy\" srcset=\"https:\/\/linitiative.ca\/International\/wp-content\/uploads\/sites\/23\/2021\/09\/Hakim-Abdelmoumen-.jpg 466w, https:\/\/www.challenge.ma\/wp-content\/uploads\/2021\/09\/Hakim-Abdelmoumen--300x211.jpg 300w, https:\/\/www.challenge.ma\/wp-content\/uploads\/2021\/09\/Hakim-Abdelmoumen--360x253.jpg 360w\" sizes=\"auto, (max-width: 466px) 100vw, 466px\" itemprop=\"image\">Jusqu\u2019alors Pr\u00e9sident par int\u00e9rim de l\u2019Association marocaine pour l\u2019industrie et la construction automobile (AMICA)\u00a0depuis juillet 2020, Hakim Abdelmoumen vient d\u2019\u00eatre \u00e9lu \u00e0 la t\u00eate de l\u2019Association pour un mandat de trois ans. Dans le d\u00e9tail, le nouveau pr\u00e9sident de l\u2019AMICA a \u00e9t\u00e9 \u00e9lu \u00e0 l\u2019unanimit\u00e9 le 17 septembre courant lors<\/div>\n<p>Auteur: David J\u00e9r\u00e9mie<br \/>\n<a href=\"https:\/\/www.challenge.ma\/industrie-hakim-abdelmoumen-elu-a-la-tete-de-lamica-221422\/\">Cliquez ici pour lire l&rsquo;article depuis sa source.<\/a><\/p>\n","protected":false},"excerpt":{"rendered":"<p>Jusqu\u2019alors Pr\u00e9sident par int\u00e9rim de l\u2019Association marocaine pour l\u2019industrie et la construction automobile (AMICA)\u00a0depuis juillet 2020, Hakim Abdelmoumen vient d\u2019\u00eatre \u00e9lu \u00e0 la t\u00eate de l\u2019Association pour un mandat de trois ans. Dans le d\u00e9tail, le nouveau pr\u00e9sident de l\u2019AMICA a \u00e9t\u00e9 \u00e9lu \u00e0 l\u2019unanimit\u00e9 le 17 septembre courant lors Auteur: David J\u00e9r\u00e9mie Cliquez ici [&hellip;]<\/p>\n","protected":false},"author":1787,"featured_media":0,"comment_status":"closed","ping_status":"closed","sticky":false,"template":"","format":"standard","meta":{"fifu_image_url":"https:\/\/www.challenge.ma\/wp-content\/uploads\/2021\/09\/Hakim-Abdelmoumen-.jpg","fifu_image_alt":"Industrie. Hakim Abdelmoumen \u00e9lu \u00e0 la t\u00eate de l\u2019AMICA","footnotes":""},"categories":[78,54],"tags":[],"class_list":["post-127740","post","type-post","status-publish","format-standard","hentry","category-economie","category-maroc"],"_links":{"self":[{"href":"https:\/\/linitiative.ca\/International\/wp-json\/wp\/v2\/posts\/127740","targetHints":{"allow":["GET"]}}],"collection":[{"href":"https:\/\/linitiative.ca\/International\/wp-json\/wp\/v2\/posts"}],"about":[{"href":"https:\/\/linitiative.ca\/International\/wp-json\/wp\/v2\/types\/post"}],"author":[{"embeddable":true,"href":"https:\/\/linitiative.ca\/International\/wp-json\/wp\/v2\/users\/1787"}],"replies":[{"embeddable":true,"href":"https:\/\/linitiative.ca\/International\/wp-json\/wp\/v2\/comments?post=127740"}],"version-history":[{"count":0,"href":"https:\/\/linitiative.ca\/International\/wp-json\/wp\/v2\/posts\/127740\/revisions"}],"wp:attachment":[{"href":"https:\/\/linitiative.ca\/International\/wp-json\/wp\/v2\/media?parent=127740"}],"wp:term":[{"taxonomy":"category","embeddable":true,"href":"https:\/\/linitiative.ca\/International\/wp-json\/wp\/v2\/categories?post=127740"},{"taxonomy":"post_tag","embeddable":true,"href":"https:\/\/linitiative.ca\/International\/wp-json\/wp\/v2\/tags?post=127740"}],"curies":[{"name":"wp","href":"https:\/\/api.w.org\/{rel}","templated":true}]}}