{"id":127744,"date":"2021-09-21T16:37:41","date_gmt":"2021-09-21T20:37:41","guid":{"rendered":"https:\/\/linitiative.ca\/International\/tunisie-amine-mahfoudh-je-ne-serai-quun-defenseur-du-projet-detat-de-droit-et-dinstitutions\/"},"modified":"2021-09-21T16:37:41","modified_gmt":"2021-09-21T20:37:41","slug":"tunisie-amine-mahfoudh-je-ne-serai-quun-defenseur-du-projet-detat-de-droit-et-dinstitutions","status":"publish","type":"post","link":"https:\/\/linitiative.ca\/International\/tunisie-amine-mahfoudh-je-ne-serai-quun-defenseur-du-projet-detat-de-droit-et-dinstitutions\/","title":{"rendered":"Tunisie-Amine Mahfoudh : \u00ab Je ne serai qu\u2019un d\u00e9fenseur du projet d\u2019Etat de droit et d\u2019institutions \u00bb"},"content":{"rendered":"<div>\n<p>Le professeur de droit constitutionnel, Amine Mahfoudh a d\u00e9clar\u00e9 dans un post publi\u00e9 aujourd\u2019hui sur sa page, que chaque syst\u00e8me \u00e0 ses propres lois. \u00ab Lorsque la l\u00e9gitimit\u00e9 sape la l\u00e9gitimit\u00e9, le d\u00e9bat juridique conform\u00e9ment au syst\u00e8me en vigueur devient st\u00e9rile\u00a0\u00bb, a-t-il ajout\u00e9. \u00ab\u00a0Je ne serai qu\u2019un d\u00e9fenseur du projet de l\u2019\u00c9tat de droit et [\u2026]<\/p>\n<p>L\u2019article <a href=\"https:\/\/www.tunisienumerique.com\/tunisie-amine-mahfoudh-je-ne-serai-quun-defenseur-du-projet-detat-de-droit-et-dinstitutions\/\">Tunisie-Amine Mahfoudh : \u00ab Je ne serai qu\u2019un d\u00e9fenseur du projet d\u2019Etat de droit et d\u2019institutions \u00bb<\/a> est apparu en premier sur <a href=\"https:\/\/www.tunisienumerique.com\/\">Tunisie<\/a>.<\/p>\n<\/div>\n<p>Auteur: rania ben slimane<br \/>\n<a href=\"https:\/\/www.tunisienumerique.com\/tunisie-amine-mahfoudh-je-ne-serai-quun-defenseur-du-projet-detat-de-droit-et-dinstitutions\/\">Cliquez ici pour lire l&rsquo;article depuis sa source.<\/a><\/p>\n","protected":false},"excerpt":{"rendered":"<p>Le professeur de droit constitutionnel, Amine Mahfoudh a d\u00e9clar\u00e9 dans un post publi\u00e9 aujourd\u2019hui sur sa page, que chaque syst\u00e8me \u00e0 ses propres lois. \u00ab Lorsque la l\u00e9gitimit\u00e9 sape la l\u00e9gitimit\u00e9, le d\u00e9bat juridique conform\u00e9ment au syst\u00e8me en vigueur devient st\u00e9rile\u00a0\u00bb, a-t-il ajout\u00e9. \u00ab\u00a0Je ne serai qu\u2019un d\u00e9fenseur du projet de l\u2019\u00c9tat de droit et [&hellip;]<\/p>\n","protected":false},"author":1789,"featured_media":0,"comment_status":"closed","ping_status":"closed","sticky":false,"template":"","format":"standard","meta":{"fifu_image_url":"","fifu_image_alt":"","footnotes":""},"categories":[73,55],"tags":[],"class_list":["post-127744","post","type-post","status-publish","format-standard","hentry","category-actualite","category-tunisie"],"_links":{"self":[{"href":"https:\/\/linitiative.ca\/International\/wp-json\/wp\/v2\/posts\/127744","targetHints":{"allow":["GET"]}}],"collection":[{"href":"https:\/\/linitiative.ca\/International\/wp-json\/wp\/v2\/posts"}],"about":[{"href":"https:\/\/linitiative.ca\/International\/wp-json\/wp\/v2\/types\/post"}],"author":[{"embeddable":true,"href":"https:\/\/linitiative.ca\/International\/wp-json\/wp\/v2\/users\/1789"}],"replies":[{"embeddable":true,"href":"https:\/\/linitiative.ca\/International\/wp-json\/wp\/v2\/comments?post=127744"}],"version-history":[{"count":0,"href":"https:\/\/linitiative.ca\/International\/wp-json\/wp\/v2\/posts\/127744\/revisions"}],"wp:attachment":[{"href":"https:\/\/linitiative.ca\/International\/wp-json\/wp\/v2\/media?parent=127744"}],"wp:term":[{"taxonomy":"category","embeddable":true,"href":"https:\/\/linitiative.ca\/International\/wp-json\/wp\/v2\/categories?post=127744"},{"taxonomy":"post_tag","embeddable":true,"href":"https:\/\/linitiative.ca\/International\/wp-json\/wp\/v2\/tags?post=127744"}],"curies":[{"name":"wp","href":"https:\/\/api.w.org\/{rel}","templated":true}]}}