{"id":127745,"date":"2021-09-21T16:53:09","date_gmt":"2021-09-21T20:53:09","guid":{"rendered":"https:\/\/linitiative.ca\/International\/tunisie-mandat-de-depot-a-lencontre-du-depute-gele-nidhal-saoudi\/"},"modified":"2021-09-21T16:53:09","modified_gmt":"2021-09-21T20:53:09","slug":"tunisie-mandat-de-depot-a-lencontre-du-depute-gele-nidhal-saoudi","status":"publish","type":"post","link":"https:\/\/linitiative.ca\/International\/tunisie-mandat-de-depot-a-lencontre-du-depute-gele-nidhal-saoudi\/","title":{"rendered":"Tunisie \u2013 Mandat de d\u00e9p\u00f4t \u00e0 l\u2019encontre du d\u00e9put\u00e9 gel\u00e9 Nidhal Saoudi"},"content":{"rendered":"<div>\n<p>Le juge d\u2019instruction pr\u00e8s du tribunal militaire de Tunis vient d\u2019\u00e9mettre un mandat de d\u00e9p\u00f4t en prison, \u00e0 l\u2019encontre du d\u00e9put\u00e9 gel\u00e9, Nidhal Saoudi. Et ce dans le cadre de l\u2019affaire de l\u2019a\u00e9roport. Le d\u00e9put\u00e9 qui \u00e9tait en \u00e9tat de fuite, s\u2019est pr\u00e9sent\u00e9 de son propre gr\u00e9, ce mardi, au tribunal.<\/p>\n<p>L\u2019article <a href=\"https:\/\/www.tunisienumerique.com\/tunisie-mandat-de-depot-a-lencontre-du-depute-gele-nidhal-saoudi\/\">Tunisie \u2013 Mandat de d\u00e9p\u00f4t \u00e0 l\u2019encontre du d\u00e9put\u00e9 gel\u00e9 Nidhal Saoudi<\/a> est apparu en premier sur <a href=\"https:\/\/www.tunisienumerique.com\/\">Tunisie<\/a>.<\/p>\n<\/div>\n<p>Auteur: LM<br \/>\n<a href=\"https:\/\/www.tunisienumerique.com\/tunisie-mandat-de-depot-a-lencontre-du-depute-gele-nidhal-saoudi\/\">Cliquez ici pour lire l&rsquo;article depuis sa source.<\/a><\/p>\n","protected":false},"excerpt":{"rendered":"<p>Le juge d\u2019instruction pr\u00e8s du tribunal militaire de Tunis vient d\u2019\u00e9mettre un mandat de d\u00e9p\u00f4t en prison, \u00e0 l\u2019encontre du d\u00e9put\u00e9 gel\u00e9, Nidhal Saoudi. Et ce dans le cadre de l\u2019affaire de l\u2019a\u00e9roport. Le d\u00e9put\u00e9 qui \u00e9tait en \u00e9tat de fuite, s\u2019est pr\u00e9sent\u00e9 de son propre gr\u00e9, ce mardi, au tribunal. L\u2019article Tunisie \u2013 Mandat [&hellip;]<\/p>\n","protected":false},"author":1789,"featured_media":0,"comment_status":"closed","ping_status":"closed","sticky":false,"template":"","format":"standard","meta":{"fifu_image_url":"","fifu_image_alt":"","footnotes":""},"categories":[73,55],"tags":[],"class_list":["post-127745","post","type-post","status-publish","format-standard","hentry","category-actualite","category-tunisie"],"_links":{"self":[{"href":"https:\/\/linitiative.ca\/International\/wp-json\/wp\/v2\/posts\/127745","targetHints":{"allow":["GET"]}}],"collection":[{"href":"https:\/\/linitiative.ca\/International\/wp-json\/wp\/v2\/posts"}],"about":[{"href":"https:\/\/linitiative.ca\/International\/wp-json\/wp\/v2\/types\/post"}],"author":[{"embeddable":true,"href":"https:\/\/linitiative.ca\/International\/wp-json\/wp\/v2\/users\/1789"}],"replies":[{"embeddable":true,"href":"https:\/\/linitiative.ca\/International\/wp-json\/wp\/v2\/comments?post=127745"}],"version-history":[{"count":0,"href":"https:\/\/linitiative.ca\/International\/wp-json\/wp\/v2\/posts\/127745\/revisions"}],"wp:attachment":[{"href":"https:\/\/linitiative.ca\/International\/wp-json\/wp\/v2\/media?parent=127745"}],"wp:term":[{"taxonomy":"category","embeddable":true,"href":"https:\/\/linitiative.ca\/International\/wp-json\/wp\/v2\/categories?post=127745"},{"taxonomy":"post_tag","embeddable":true,"href":"https:\/\/linitiative.ca\/International\/wp-json\/wp\/v2\/tags?post=127745"}],"curies":[{"name":"wp","href":"https:\/\/api.w.org\/{rel}","templated":true}]}}