{"id":127746,"date":"2021-09-21T17:02:28","date_gmt":"2021-09-21T21:02:28","guid":{"rendered":"https:\/\/linitiative.ca\/International\/tunisie-en-direct-moncef-marzouki-appelle-au-limogeage-de-kais-saied\/"},"modified":"2021-09-21T17:02:28","modified_gmt":"2021-09-21T21:02:28","slug":"tunisie-en-direct-moncef-marzouki-appelle-au-limogeage-de-kais-saied","status":"publish","type":"post","link":"https:\/\/linitiative.ca\/International\/tunisie-en-direct-moncef-marzouki-appelle-au-limogeage-de-kais-saied\/","title":{"rendered":"Tunisie [EN DIRECT]: Moncef Marzouki appelle au limogeage de Kais Saied"},"content":{"rendered":"<div>\n<p>Dans un interview accord\u00e9e \u00e0 un m\u00e9dia priv\u00e9 depuis son bureau, l\u2019ex-pr\u00e9sident de la R\u00e9publique \u201cprovisoire\u201d Mohamed Moncef Marzouki a appel\u00e9 au limogeage et la poursuite en justice du pr\u00e9sident Kais Saied. \u201cCette homme est devenu le danger imminent et vous m\u00e8ne au chaos!\u201c, a-t-il martel\u00e9. Il a \u00e9galement appel\u00e9 les composantes nationales \u00e0 mettre [\u2026]<\/p>\n<p>L\u2019article <a href=\"https:\/\/www.tunisienumerique.com\/tunisie-en-direct-moncef-marzouki-appelle-au-limogeage-de-kais-saied\/\">Tunisie [EN DIRECT]: Moncef Marzouki appelle au limogeage de Kais Saied<\/a> est apparu en premier sur <a href=\"https:\/\/www.tunisienumerique.com\/\">Tunisie<\/a>.<\/p>\n<\/div>\n<p>Auteur: rania ben slimane<br \/>\n<a href=\"https:\/\/www.tunisienumerique.com\/tunisie-en-direct-moncef-marzouki-appelle-au-limogeage-de-kais-saied\/\">Cliquez ici pour lire l&rsquo;article depuis sa source.<\/a><\/p>\n","protected":false},"excerpt":{"rendered":"<p>Dans un interview accord\u00e9e \u00e0 un m\u00e9dia priv\u00e9 depuis son bureau, l\u2019ex-pr\u00e9sident de la R\u00e9publique \u201cprovisoire\u201d Mohamed Moncef Marzouki a appel\u00e9 au limogeage et la poursuite en justice du pr\u00e9sident Kais Saied. \u201cCette homme est devenu le danger imminent et vous m\u00e8ne au chaos!\u201c, a-t-il martel\u00e9. Il a \u00e9galement appel\u00e9 les composantes nationales \u00e0 mettre [&hellip;]<\/p>\n","protected":false},"author":1789,"featured_media":0,"comment_status":"closed","ping_status":"closed","sticky":false,"template":"","format":"standard","meta":{"fifu_image_url":"","fifu_image_alt":"","footnotes":""},"categories":[73,55],"tags":[],"class_list":["post-127746","post","type-post","status-publish","format-standard","hentry","category-actualite","category-tunisie"],"_links":{"self":[{"href":"https:\/\/linitiative.ca\/International\/wp-json\/wp\/v2\/posts\/127746","targetHints":{"allow":["GET"]}}],"collection":[{"href":"https:\/\/linitiative.ca\/International\/wp-json\/wp\/v2\/posts"}],"about":[{"href":"https:\/\/linitiative.ca\/International\/wp-json\/wp\/v2\/types\/post"}],"author":[{"embeddable":true,"href":"https:\/\/linitiative.ca\/International\/wp-json\/wp\/v2\/users\/1789"}],"replies":[{"embeddable":true,"href":"https:\/\/linitiative.ca\/International\/wp-json\/wp\/v2\/comments?post=127746"}],"version-history":[{"count":0,"href":"https:\/\/linitiative.ca\/International\/wp-json\/wp\/v2\/posts\/127746\/revisions"}],"wp:attachment":[{"href":"https:\/\/linitiative.ca\/International\/wp-json\/wp\/v2\/media?parent=127746"}],"wp:term":[{"taxonomy":"category","embeddable":true,"href":"https:\/\/linitiative.ca\/International\/wp-json\/wp\/v2\/categories?post=127746"},{"taxonomy":"post_tag","embeddable":true,"href":"https:\/\/linitiative.ca\/International\/wp-json\/wp\/v2\/tags?post=127746"}],"curies":[{"name":"wp","href":"https:\/\/api.w.org\/{rel}","templated":true}]}}