{"id":127747,"date":"2021-09-21T16:10:03","date_gmt":"2021-09-21T20:10:03","guid":{"rendered":"https:\/\/linitiative.ca\/International\/76e-assemblee-generale-de-lonu\/"},"modified":"2021-09-21T16:10:03","modified_gmt":"2021-09-21T20:10:03","slug":"76e-assemblee-generale-de-lonu","status":"publish","type":"post","link":"https:\/\/linitiative.ca\/International\/76e-assemblee-generale-de-lonu\/","title":{"rendered":"76E \u00a0ASSEMBLEE GENERALE DE L\u2019ONU"},"content":{"rendered":"<div>\n<p><img decoding=\"async\" width=\"640\" height=\"360\" src=\"https:\/\/linitiative.ca\/International\/wp-content\/uploads\/sites\/23\/2021\/09\/CONDE.jpg\" class=\"attachment- size- wp-post-image\" alt=\"\" loading=\"lazy\" style=\"float:left; margin:0 15px 15px 0;\" srcset=\"https:\/\/linitiative.ca\/International\/wp-content\/uploads\/sites\/23\/2021\/09\/CONDE.jpg 640w, https:\/\/lepays.bf\/wp-content\/uploads\/2021\/09\/CONDE-300x169.jpg 300w, https:\/\/lepays.bf\/wp-content\/uploads\/2021\/09\/CONDE-390x220.jpg 390w\" sizes=\"auto, (max-width: 640px) 100vw, 640px\">Il s\u2019\u00e9tait pr\u00e9par\u00e9 \u00e0 y prendre la parole, mais le colonel Mamady Doumbouya et ses hommes en ont d\u00e9cid\u00e9 autrement. Lui, c\u2019est l\u2019ex-pr\u00e9sident guin\u00e9en, Alpha Cond\u00e9 qui, au lendemain du coup d\u2019Etat qui l\u2019a renvers\u00e9, le 5 septembre dernier, s\u2019inqui\u00e9tait du discours qu\u2019il devait prononcer \u00e0 la tribune de la 76e Assembl\u00e9e g\u00e9n\u00e9rale\u00a0 de l\u2019ONU \u2026<\/p>\n<p>L\u2019article <a rel=\"nofollow\" href=\"https:\/\/lepays.bf\/76e-assemblee-generale-de-lonu\/\">76E \u00a0ASSEMBLEE GENERALE DE L\u2019ONU<\/a> est apparu en premier sur <a rel=\"nofollow\" href=\"https:\/\/lepays.bf\/\">Editions Le Pays<\/a>.<\/p>\n<\/div>\n<p>Auteur: Editions LEPAYS<br \/>\n<a href=\"https:\/\/lepays.bf\/76e-assemblee-generale-de-lonu\/\">Cliquez ici pour lire l&rsquo;article depuis sa source.<\/a><\/p>\n","protected":false},"excerpt":{"rendered":"<p>Il s\u2019\u00e9tait pr\u00e9par\u00e9 \u00e0 y prendre la parole, mais le colonel Mamady Doumbouya et ses hommes en ont d\u00e9cid\u00e9 autrement. Lui, c\u2019est l\u2019ex-pr\u00e9sident guin\u00e9en, Alpha Cond\u00e9 qui, au lendemain du coup d\u2019Etat qui l\u2019a renvers\u00e9, le 5 septembre dernier, s\u2019inqui\u00e9tait du discours qu\u2019il devait prononcer \u00e0 la tribune de la 76e Assembl\u00e9e g\u00e9n\u00e9rale\u00a0 de l\u2019ONU [&hellip;]<\/p>\n","protected":false},"author":1813,"featured_media":0,"comment_status":"closed","ping_status":"closed","sticky":false,"template":"","format":"standard","meta":{"fifu_image_url":"https:\/\/lepays.bf\/wp-content\/uploads\/2021\/09\/CONDE.jpg","fifu_image_alt":"76E \u00a0ASSEMBLEE GENERALE DE L\u2019ONU","footnotes":""},"categories":[73,81],"tags":[],"class_list":["post-127747","post","type-post","status-publish","format-standard","hentry","category-actualite","category-burkina-faso"],"_links":{"self":[{"href":"https:\/\/linitiative.ca\/International\/wp-json\/wp\/v2\/posts\/127747","targetHints":{"allow":["GET"]}}],"collection":[{"href":"https:\/\/linitiative.ca\/International\/wp-json\/wp\/v2\/posts"}],"about":[{"href":"https:\/\/linitiative.ca\/International\/wp-json\/wp\/v2\/types\/post"}],"author":[{"embeddable":true,"href":"https:\/\/linitiative.ca\/International\/wp-json\/wp\/v2\/users\/1813"}],"replies":[{"embeddable":true,"href":"https:\/\/linitiative.ca\/International\/wp-json\/wp\/v2\/comments?post=127747"}],"version-history":[{"count":0,"href":"https:\/\/linitiative.ca\/International\/wp-json\/wp\/v2\/posts\/127747\/revisions"}],"wp:attachment":[{"href":"https:\/\/linitiative.ca\/International\/wp-json\/wp\/v2\/media?parent=127747"}],"wp:term":[{"taxonomy":"category","embeddable":true,"href":"https:\/\/linitiative.ca\/International\/wp-json\/wp\/v2\/categories?post=127747"},{"taxonomy":"post_tag","embeddable":true,"href":"https:\/\/linitiative.ca\/International\/wp-json\/wp\/v2\/tags?post=127747"}],"curies":[{"name":"wp","href":"https:\/\/api.w.org\/{rel}","templated":true}]}}