{"id":127749,"date":"2021-09-21T16:15:04","date_gmt":"2021-09-21T20:15:04","guid":{"rendered":"https:\/\/linitiative.ca\/International\/condamnation-de-lopposant-paul-rusesabagina-a-25-ans-de-prison-ferme\/"},"modified":"2021-09-21T16:15:04","modified_gmt":"2021-09-21T20:15:04","slug":"condamnation-de-lopposant-paul-rusesabagina-a-25-ans-de-prison-ferme","status":"publish","type":"post","link":"https:\/\/linitiative.ca\/International\/condamnation-de-lopposant-paul-rusesabagina-a-25-ans-de-prison-ferme\/","title":{"rendered":"CONDAMNATION DE L\u2019OPPOSANT PAUL RUSESABAGINA A 25 ANS DE PRISON FERME"},"content":{"rendered":"<div>\n<p><img decoding=\"async\" width=\"780\" height=\"400\" src=\"https:\/\/linitiative.ca\/International\/wp-content\/uploads\/sites\/23\/2021\/09\/RWANDA-1.jpg\" class=\"attachment- size- wp-post-image\" alt=\"\" loading=\"lazy\" style=\"float:left; margin:0 15px 15px 0;\" srcset=\"https:\/\/linitiative.ca\/International\/wp-content\/uploads\/sites\/23\/2021\/09\/RWANDA-1.jpg 780w, https:\/\/lepays.bf\/wp-content\/uploads\/2021\/09\/RWANDA-1-300x154.jpg 300w, https:\/\/lepays.bf\/wp-content\/uploads\/2021\/09\/RWANDA-1-768x394.jpg 768w\" sizes=\"auto, (max-width: 780px) 100vw, 780px\">L\u2019opposant\u00a0 rwandais Paul Rusesabagina a \u00e9t\u00e9 \u00a0condamn\u00e9 le 20 septembre 2021, \u00e0 25 ans de prison ferme. Une sentence qui ne surprend pas grand monde. En tout cas, on s\u2019y attendait, ce d\u2019autant que lors de la reprise du proc\u00e8s le 24 mars 2021 \u00e0 Kigali, l\u2019homme avait \u00e9t\u00e9 charg\u00e9 par les \u00a0t\u00e9moins qui ont \u2026<\/p>\n<p>L\u2019article <a rel=\"nofollow\" href=\"https:\/\/lepays.bf\/condamnation-de-lopposant-paul-rusesabagina-a-25-ans-de-prison-ferme\/\">CONDAMNATION DE L\u2019OPPOSANT PAUL RUSESABAGINA A 25 ANS DE PRISON FERME<\/a> est apparu en premier sur <a rel=\"nofollow\" href=\"https:\/\/lepays.bf\/\">Editions Le Pays<\/a>.<\/p>\n<\/div>\n<p>Auteur: Editions LEPAYS<br \/>\n<a href=\"https:\/\/lepays.bf\/condamnation-de-lopposant-paul-rusesabagina-a-25-ans-de-prison-ferme\/\">Cliquez ici pour lire l&rsquo;article depuis sa source.<\/a><\/p>\n","protected":false},"excerpt":{"rendered":"<p>L\u2019opposant\u00a0 rwandais Paul Rusesabagina a \u00e9t\u00e9 \u00a0condamn\u00e9 le 20 septembre 2021, \u00e0 25 ans de prison ferme. Une sentence qui ne surprend pas grand monde. En tout cas, on s\u2019y attendait, ce d\u2019autant que lors de la reprise du proc\u00e8s le 24 mars 2021 \u00e0 Kigali, l\u2019homme avait \u00e9t\u00e9 charg\u00e9 par les \u00a0t\u00e9moins qui ont [&hellip;]<\/p>\n","protected":false},"author":1813,"featured_media":0,"comment_status":"closed","ping_status":"closed","sticky":false,"template":"","format":"standard","meta":{"fifu_image_url":"https:\/\/lepays.bf\/wp-content\/uploads\/2021\/09\/RWANDA-1.jpg","fifu_image_alt":"CONDAMNATION DE L\u2019OPPOSANT PAUL RUSESABAGINA A 25 ANS DE PRISON FERME","footnotes":""},"categories":[73,81],"tags":[],"class_list":["post-127749","post","type-post","status-publish","format-standard","hentry","category-actualite","category-burkina-faso"],"_links":{"self":[{"href":"https:\/\/linitiative.ca\/International\/wp-json\/wp\/v2\/posts\/127749","targetHints":{"allow":["GET"]}}],"collection":[{"href":"https:\/\/linitiative.ca\/International\/wp-json\/wp\/v2\/posts"}],"about":[{"href":"https:\/\/linitiative.ca\/International\/wp-json\/wp\/v2\/types\/post"}],"author":[{"embeddable":true,"href":"https:\/\/linitiative.ca\/International\/wp-json\/wp\/v2\/users\/1813"}],"replies":[{"embeddable":true,"href":"https:\/\/linitiative.ca\/International\/wp-json\/wp\/v2\/comments?post=127749"}],"version-history":[{"count":0,"href":"https:\/\/linitiative.ca\/International\/wp-json\/wp\/v2\/posts\/127749\/revisions"}],"wp:attachment":[{"href":"https:\/\/linitiative.ca\/International\/wp-json\/wp\/v2\/media?parent=127749"}],"wp:term":[{"taxonomy":"category","embeddable":true,"href":"https:\/\/linitiative.ca\/International\/wp-json\/wp\/v2\/categories?post=127749"},{"taxonomy":"post_tag","embeddable":true,"href":"https:\/\/linitiative.ca\/International\/wp-json\/wp\/v2\/tags?post=127749"}],"curies":[{"name":"wp","href":"https:\/\/api.w.org\/{rel}","templated":true}]}}