{"id":127751,"date":"2021-09-21T16:18:16","date_gmt":"2021-09-21T20:18:16","guid":{"rendered":"https:\/\/linitiative.ca\/International\/macron-et-les-harkis\/"},"modified":"2021-09-21T16:18:16","modified_gmt":"2021-09-21T20:18:16","slug":"macron-et-les-harkis","status":"publish","type":"post","link":"https:\/\/linitiative.ca\/International\/macron-et-les-harkis\/","title":{"rendered":"MACRON ET LES HARKIS"},"content":{"rendered":"<div>\n<p><img decoding=\"async\" width=\"664\" height=\"427\" src=\"https:\/\/linitiative.ca\/International\/wp-content\/uploads\/sites\/23\/2021\/09\/MACRON.jpg\" class=\"attachment- size- wp-post-image\" alt=\"\" loading=\"lazy\" style=\"float:left; margin:0 15px 15px 0;\" srcset=\"https:\/\/linitiative.ca\/International\/wp-content\/uploads\/sites\/23\/2021\/09\/MACRON.jpg 664w, https:\/\/lepays.bf\/wp-content\/uploads\/2021\/09\/MACRON-300x193.jpg 300w\" sizes=\"auto, (max-width: 664px) 100vw, 664px\">\u00ab\u00a0Aux combattants, je veux dire notre reconnaissance, nous n\u2019oublierons pas. Je demande pardon, nous n\u2019oublierons pas \u00bb. C\u2019est par ces mots que le chef de l\u2019Etat fran\u00e7ais, Emmanuel Macron, a battu, au nom de la France, sa coulpe face aux Harkis et \u00e0 leurs descendants, estimant que le pays a manqu\u00e9 \u00e0 ses devoirs envers \u2026<\/p>\n<p>L\u2019article <a rel=\"nofollow\" href=\"https:\/\/lepays.bf\/macron-et-les-harkis\/\">MACRON ET LES HARKIS<\/a> est apparu en premier sur <a rel=\"nofollow\" href=\"https:\/\/lepays.bf\/\">Editions Le Pays<\/a>.<\/p>\n<\/div>\n<p>Auteur: Editions LEPAYS<br \/>\n<a href=\"https:\/\/lepays.bf\/macron-et-les-harkis\/\">Cliquez ici pour lire l&rsquo;article depuis sa source.<\/a><\/p>\n","protected":false},"excerpt":{"rendered":"<p>\u00ab\u00a0Aux combattants, je veux dire notre reconnaissance, nous n\u2019oublierons pas. Je demande pardon, nous n\u2019oublierons pas \u00bb. C\u2019est par ces mots que le chef de l\u2019Etat fran\u00e7ais, Emmanuel Macron, a battu, au nom de la France, sa coulpe face aux Harkis et \u00e0 leurs descendants, estimant que le pays a manqu\u00e9 \u00e0 ses devoirs envers [&hellip;]<\/p>\n","protected":false},"author":1813,"featured_media":0,"comment_status":"closed","ping_status":"closed","sticky":false,"template":"","format":"standard","meta":{"fifu_image_url":"https:\/\/lepays.bf\/wp-content\/uploads\/2021\/09\/MACRON.jpg","fifu_image_alt":"MACRON ET LES HARKIS","footnotes":""},"categories":[73,81],"tags":[],"class_list":["post-127751","post","type-post","status-publish","format-standard","hentry","category-actualite","category-burkina-faso"],"_links":{"self":[{"href":"https:\/\/linitiative.ca\/International\/wp-json\/wp\/v2\/posts\/127751","targetHints":{"allow":["GET"]}}],"collection":[{"href":"https:\/\/linitiative.ca\/International\/wp-json\/wp\/v2\/posts"}],"about":[{"href":"https:\/\/linitiative.ca\/International\/wp-json\/wp\/v2\/types\/post"}],"author":[{"embeddable":true,"href":"https:\/\/linitiative.ca\/International\/wp-json\/wp\/v2\/users\/1813"}],"replies":[{"embeddable":true,"href":"https:\/\/linitiative.ca\/International\/wp-json\/wp\/v2\/comments?post=127751"}],"version-history":[{"count":0,"href":"https:\/\/linitiative.ca\/International\/wp-json\/wp\/v2\/posts\/127751\/revisions"}],"wp:attachment":[{"href":"https:\/\/linitiative.ca\/International\/wp-json\/wp\/v2\/media?parent=127751"}],"wp:term":[{"taxonomy":"category","embeddable":true,"href":"https:\/\/linitiative.ca\/International\/wp-json\/wp\/v2\/categories?post=127751"},{"taxonomy":"post_tag","embeddable":true,"href":"https:\/\/linitiative.ca\/International\/wp-json\/wp\/v2\/tags?post=127751"}],"curies":[{"name":"wp","href":"https:\/\/api.w.org\/{rel}","templated":true}]}}