{"id":127754,"date":"2021-09-21T17:29:48","date_gmt":"2021-09-21T21:29:48","guid":{"rendered":"https:\/\/linitiative.ca\/International\/iie-congres-des-avocats-de-luemoa-plaidoiries-sur-la-corruption\/"},"modified":"2021-09-21T17:29:48","modified_gmt":"2021-09-21T21:29:48","slug":"iie-congres-des-avocats-de-luemoa-plaidoiries-sur-la-corruption","status":"publish","type":"post","link":"https:\/\/linitiative.ca\/International\/iie-congres-des-avocats-de-luemoa-plaidoiries-sur-la-corruption\/","title":{"rendered":"IIe congr\u00e8s des avocats de l\u2019UEMOA  : plaidoiries sur la corruption"},"content":{"rendered":"<div>\n<p><strong>La conf\u00e9rence des barreaux de l\u2019Union \u00e9conomique et mon\u00e9taire Ouest-africaine (UEMOA) se tient du 21 au 23 septembre 2021, \u00e0 Ouagadougou, sous la pr\u00e9sidence du Chef de l\u2019Etat, Roch Marc Christian Kabor\u00e9. <\/strong><\/p>\n<figure id=\"attachment_39853\" aria-describedby=\"caption-attachment-39853\" style=\"width: 200px\" class=\"wp-caption alignleft\"><img decoding=\"async\" loading=\"lazy\" class=\"wp-image-39853 size-medium\" src=\"https:\/\/linitiative.ca\/International\/wp-content\/uploads\/sites\/23\/2021\/09\/3-11-200x300-1.jpg\" alt=\"\" width=\"200\" height=\"300\" srcset=\"https:\/\/linitiative.ca\/International\/wp-content\/uploads\/sites\/23\/2021\/09\/3-11-200x300-1.jpg 200w, https:\/\/www.sidwaya.info\/wp-content\/uploads\/2021\/09\/3-11-150x225.jpg 150w, https:\/\/www.sidwaya.info\/wp-content\/uploads\/2021\/09\/3-11-300x450.jpg 300w, https:\/\/www.sidwaya.info\/wp-content\/uploads\/2021\/09\/3-11-280x420.jpg 280w, https:\/\/www.sidwaya.info\/wp-content\/uploads\/2021\/09\/3-11.jpg 397w\" sizes=\"auto, (max-width: 200px) 100vw, 200px\"><figcaption id=\"caption-attachment-39853\" class=\"wp-caption-text\">Le b\u00e2tonnier du Burkina Faso, Me Paulin Salamb\u00e9r\u00e9, a exprim\u00e9 la n\u00e9cessit\u00e9 de travailler en synergie en vue d\u2019une justice d\u00e9barrass\u00e9e de la corruption.<\/figcaption><\/figure>\n<p>La lutte contre la corruption pr\u00e9occupe les avocats inscrits aux diff\u00e9rents barreaux des pays membres de l\u2019Union \u00e9conomique et mon\u00e9taire Ouest-africaine (UEMOA). La probl\u00e9matique est, en effet, au centre de leur IIe congr\u00e8s qui se tient du 21 au 23 septembre 2021 \u00e0 Ouagadougou, sous le th\u00e8me\u00a0: \u00ab\u00a0Justice et corruption\u00a0\u00bb. L\u2019ouverture des travaux de cette rencontre a \u00e9t\u00e9 pr\u00e9sid\u00e9e par le Chef de l\u2019Etat, Roch Marc Christian Kabor\u00e9, pr\u00e9sident en exercice de la Conf\u00e9rence des chefs d\u2019Etat et de gouvernement de l\u2019Union. Pour le b\u00e2tonnier du Burkina Faso, Me Paulin Salamb\u00e9r\u00e9, l\u2019\u00e9vocation de la corruption fait penser \u00e0 la justice, \u00ab\u00a0non pas forc\u00e9ment parce qu\u2019elle soit le milieu o\u00f9 elle prosp\u00e8re, mais en raison du r\u00f4le qu\u2019elle joue dans la traque des acteurs de la corruption ainsi que sa place dans l\u2019am\u00e9lioration de la gouvernance d\u00e9mocratique\u00a0\u00bb. A cet effet, il a salu\u00e9 la pertinence du th\u00e8me autour duquel les participants vont se pencher en vue d\u2019un meilleur exercice de leur fonction. \u00ab\u00a0En tant qu\u2019acteurs majeurs de la justice, les avocats, les magistrats ont le devoir de travailler en synergie pour une justice d\u00e9barrass\u00e9e de la corruption dont l\u2019impact sur le d\u00e9veloppement de nos pays n\u2019est plus \u00e0 d\u00e9montrer\u00a0\u00bb, a d\u00e9clar\u00e9 Me Salamb\u00e9r\u00e9. Dans cette dynamique, le pr\u00e9sident de la conf\u00e9rence des barreaux de l\u2019UEMOA, Me S\u00e9djro Koffi Dogb\u00e9avou, a indiqu\u00e9 que la rencontre permettra de mener des r\u00e9flexions\u00a0\u00ab\u00a0pouss\u00e9es\u00a0\u00bb afin de cerner tous les contours du fl\u00e9au pour son \u00e9radication dans l\u2019espace communautaire.<\/p>\n<p><strong>Ecouter sa conscience<\/strong><\/p>\n<p>Pour Me S\u00e9djro Koffi Dogb\u00e9avou, la justice fait partie des corps sociaux \u00ab malades de la corruption \u00bb avec, le plus souvent, une implication de certains avocats. \u00ab Nous le d\u00e9non\u00e7ons, nous le crions et pourtant nous sommes nombreux \u00e0 \u00eatre de ceux qui ont fait de la corruption, les moyens de d\u00e9fense par lesquels nous gagnons des dossiers dit juteux. Il est temps d\u2019\u00e9couter notre conscience et faire preuve de discernement \u00bb, a-t-il lanc\u00e9 \u00e0 l\u2019endroit de ses confr\u00e8res. Me Dogb\u00e9avou a, en outre, soutenu que rien ne saurait justifier la corruption dans le milieu et partant de la justice. Laquelle justice, de son point de vue, devrait \u00eatre b\u00e2tie sur les fondements de l\u2019\u00e9thique, de la probit\u00e9 et des autres valeurs humaines. Par voie de cons\u00e9quence, il a invit\u00e9 l\u2019ensemble des barreaux des huit pays de l\u2019UEMOA, \u00e0 \u00ab sortir des sentiers de d\u00e9claration d\u2019intention \u00bb pour mener le combat dans ce qui constitue le ferment de la profession.<\/p>\n<figure id=\"attachment_39852\" aria-describedby=\"caption-attachment-39852\" style=\"width: 300px\" class=\"wp-caption alignright\"><img decoding=\"async\" loading=\"lazy\" class=\"wp-image-39852 size-medium\" src=\"https:\/\/linitiative.ca\/International\/wp-content\/uploads\/sites\/23\/2021\/09\/2-24-300x200-1.jpg\" alt=\"\" width=\"300\" height=\"200\" srcset=\"https:\/\/linitiative.ca\/International\/wp-content\/uploads\/sites\/23\/2021\/09\/2-24-300x200-1.jpg 300w, https:\/\/www.sidwaya.info\/wp-content\/uploads\/2021\/09\/2-24-150x100.jpg 150w, https:\/\/www.sidwaya.info\/wp-content\/uploads\/2021\/09\/2-24.jpg 595w\" sizes=\"auto, (max-width: 300px) 100vw, 300px\"><figcaption id=\"caption-attachment-39852\" class=\"wp-caption-text\">Le pr\u00e9sident de la conf\u00e9rence des avocats de l\u2019UEMOA, Me S\u00e9djro Koffi Dogb\u00e9avou\u00a0: \u00ab L\u2019avocat doit \u00eatre exempt de tout soup\u00e7on de corruption\u00a0\u00bb.<\/figcaption><\/figure>\n<p>\u00ab L\u2019avocat a pour mission de participer \u00e0 la croissance des pays de l\u2019espace et d\u2019\u0153uvrer \u00e0 l\u2019\u00e9mergence du continent, tout en le sortant de la corruption. Celle-ci est une plaie, le drame de nos pays. La corruption fragilise nos structures \u00e9conomiques, creuse des in\u00e9galit\u00e9s sociales, mine le fonctionnement de nos institutions et alimente les r\u00e9seaux mafieux \u00bb, a soulign\u00e9 Me Dogb\u00e9avou. Le Pr\u00e9sident du Faso, Roch Marc Christian Kabor\u00e9, a salu\u00e9 la mise en place d\u2019un tel cadre de rencontre qui permet aux avocats d\u2019\u00e9changer, de coordonner, d\u2019harmoniser leurs exp\u00e9riences dans un certain nombre de domaines et d\u2019avoir une m\u00eame vision de leur m\u00e9tier. \u00ab J\u2019esp\u00e8re qu\u2019au sortir de cette rencontre, les diff\u00e9rentes orientations qui vont \u00eatre faites vont permettre de prendre des dispositions afin de toujours mener cette lutte contre la corruption qui gangr\u00e8ne le d\u00e9veloppement de nos diff\u00e9rents pays \u00bb, a insist\u00e9 le chef de l\u2019Etat. Cr\u00e9\u00e9e en ao\u00fbt 2018, la conf\u00e9rence des barreaux de l\u2019espace UEMOA, sert de tribune pour les d\u00e9bats sur des sujets d\u2019int\u00e9r\u00eat commun, en vue de renforcer les capacit\u00e9s, vulgariser et am\u00e9liorer les r\u00e8glements ainsi que les conditions d\u2019exercice de la profession d\u2019avocat.<\/p>\n<p style=\"text-align: right\"><strong>Souma\u00efla BONKOUNGOU <\/strong><\/p>\n<p style=\"text-align: right\"><strong>&amp; Justine Monn\u00e9 (Stagiaire) <\/strong><\/p>\n<p>L\u2019article <a rel=\"nofollow\" href=\"https:\/\/www.sidwaya.info\/blog\/2021\/09\/21\/iie-congres-des-avocats-de-luemoa-plaidoiries-sur-la-corruption\/\">IIe congr\u00e8s des avocats de l\u2019UEMOA  : plaidoiries sur la corruption<\/a> est apparu en premier sur <a rel=\"nofollow\" href=\"https:\/\/www.sidwaya.info\/\">Quotidien Sidwaya<\/a>.<\/p>\n<\/div>\n<p>Auteur: BM. Sidwaya<br \/>\n<a href=\"https:\/\/www.sidwaya.info\/blog\/2021\/09\/21\/iie-congres-des-avocats-de-luemoa-plaidoiries-sur-la-corruption\/\">Cliquez ici pour lire l&rsquo;article depuis sa source.<\/a><\/p>\n","protected":false},"excerpt":{"rendered":"<p>La conf\u00e9rence des barreaux de l\u2019Union \u00e9conomique et mon\u00e9taire Ouest-africaine (UEMOA) se tient du 21 au 23 septembre 2021, \u00e0 Ouagadougou, sous la pr\u00e9sidence du Chef de l\u2019Etat, Roch Marc Christian Kabor\u00e9. Le b\u00e2tonnier du Burkina Faso, Me Paulin Salamb\u00e9r\u00e9, a exprim\u00e9 la n\u00e9cessit\u00e9 de travailler en synergie en vue d\u2019une justice d\u00e9barrass\u00e9e de la [&hellip;]<\/p>\n","protected":false},"author":1816,"featured_media":0,"comment_status":"closed","ping_status":"closed","sticky":false,"template":"","format":"standard","meta":{"fifu_image_url":"https:\/\/www.sidwaya.info\/wp-content\/uploads\/2021\/09\/3-11-200x300.jpg","fifu_image_alt":"IIe congr\u00e8s des avocats de l\u2019UEMOA  : plaidoiries sur la corruption","footnotes":""},"categories":[73,81],"tags":[],"class_list":["post-127754","post","type-post","status-publish","format-standard","hentry","category-actualite","category-burkina-faso"],"_links":{"self":[{"href":"https:\/\/linitiative.ca\/International\/wp-json\/wp\/v2\/posts\/127754","targetHints":{"allow":["GET"]}}],"collection":[{"href":"https:\/\/linitiative.ca\/International\/wp-json\/wp\/v2\/posts"}],"about":[{"href":"https:\/\/linitiative.ca\/International\/wp-json\/wp\/v2\/types\/post"}],"author":[{"embeddable":true,"href":"https:\/\/linitiative.ca\/International\/wp-json\/wp\/v2\/users\/1816"}],"replies":[{"embeddable":true,"href":"https:\/\/linitiative.ca\/International\/wp-json\/wp\/v2\/comments?post=127754"}],"version-history":[{"count":0,"href":"https:\/\/linitiative.ca\/International\/wp-json\/wp\/v2\/posts\/127754\/revisions"}],"wp:attachment":[{"href":"https:\/\/linitiative.ca\/International\/wp-json\/wp\/v2\/media?parent=127754"}],"wp:term":[{"taxonomy":"category","embeddable":true,"href":"https:\/\/linitiative.ca\/International\/wp-json\/wp\/v2\/categories?post=127754"},{"taxonomy":"post_tag","embeddable":true,"href":"https:\/\/linitiative.ca\/International\/wp-json\/wp\/v2\/tags?post=127754"}],"curies":[{"name":"wp","href":"https:\/\/api.w.org\/{rel}","templated":true}]}}