{"id":127760,"date":"2021-09-21T13:52:57","date_gmt":"2021-09-21T17:52:57","guid":{"rendered":"https:\/\/linitiative.ca\/International\/cameroun-lunesco-va-former-1800-jeunes-a-la-resolution-des-conflits-transfrontaliers\/"},"modified":"2021-09-21T13:52:57","modified_gmt":"2021-09-21T17:52:57","slug":"cameroun-lunesco-va-former-1800-jeunes-a-la-resolution-des-conflits-transfrontaliers","status":"publish","type":"post","link":"https:\/\/linitiative.ca\/International\/cameroun-lunesco-va-former-1800-jeunes-a-la-resolution-des-conflits-transfrontaliers\/","title":{"rendered":"Cameroun : l\u2019Unesco va former 1800 jeunes \u00e0 la r\u00e9solution des conflits transfrontaliers"},"content":{"rendered":"<div>\n<p><img loading=\"lazy\" decoding=\"async\" width=\"992\" height=\"744\" src=\"https:\/\/linitiative.ca\/International\/wp-content\/uploads\/sites\/23\/2021\/09\/IMG-20210921-WA0053.jpg\" class=\"attachment-post-thumbnail size-post-thumbnail wp-post-image\" alt=\"\" srcset=\"https:\/\/linitiative.ca\/International\/wp-content\/uploads\/sites\/23\/2021\/09\/IMG-20210921-WA0053.jpg 992w, https:\/\/www.journalducameroun.com\/wp-content\/uploads\/2021\/09\/IMG-20210921-WA0053-300x225.jpg 300w, https:\/\/www.journalducameroun.com\/wp-content\/uploads\/2021\/09\/IMG-20210921-WA0053-768x576.jpg 768w, https:\/\/www.journalducameroun.com\/wp-content\/uploads\/2021\/09\/IMG-20210921-WA0053-587x440.jpg 587w, https:\/\/www.journalducameroun.com\/wp-content\/uploads\/2021\/09\/IMG-20210921-WA0053-600x450.jpg 600w\" sizes=\"auto, (max-width: 992px) 100vw, 992px\"><\/p>\n<h5 style=\"text-align: justify;\">L&rsquo;annonce est du directeur de l\u2019UNESCO Afrique centrale \u00e0 l&rsquo;occasion de la Journ\u00e9e mondiale de la paix qui se c\u00e9l\u00e8bre ce 21 septembre 2021. Pour cette organisation, personne mieux que les jeunes, sont les principaux d\u00e9positaires d\u2019une paix durable.<\/h5>\n<p style=\"font-weight: 400; text-align: justify;\">C\u00e9l\u00e9br\u00e9e le 21 septembre tous les ans, la journ\u00e9e internationale de la paix\u00a0 a pour th\u00e8me cette ann\u00e9e \u00ab<em>\u00a0se relever, pour un monde plus \u00e9quitable et durable<\/em>\u00a0\u00bb. La c\u00e9r\u00e9monie de ce jour, a connu la pr\u00e9sence du ministre de la jeunesse et de l\u2019\u00e9ducation civique <strong>Mounouna Foutsou<\/strong>, du Directeur du Bureau R\u00e9gional de l\u2019Unesco pour l\u2019Afrique Centrale, monsieur <strong>Salah Khaled<\/strong> et des repr\u00e9sentants des droits de l\u2019homme au Cameroun. Dans le cadre de la\u00a0semaine d\u2019activit\u00e9s organis\u00e9e \u00e0 Yaound\u00e9 conjointement \u00a0avec le MINJEC.<\/p>\n<p style=\"font-weight: 400; text-align: justify;\">L\u2019UNESCO a utilis\u00e9 l\u2019art et le sport pour sensibiliser les jeunes sur la n\u00e9cessit\u00e9 de barrer la route \u00e0 la haine et \u00e0 la violence. Elle annonce qu&rsquo;elle va former 1800 jeunes du Cameroun, du Tchad et le Gabon \u00e0 la r\u00e9solution des conflits transfrontaliers.<\/p>\n<p style=\"font-weight: 400; text-align: justify;\">Par ailleurs, en cette p\u00e9riode de pr\u00e9valence de la pand\u00e9mie de Covid-19, les r\u00e9flexions ont port\u00e9 sur les voies et moyens de soutenir les peuples \u00e0 mieux se porter, \u00e0 devenir plus r\u00e9silient et \u00e0 transformer ce monde en un havre sain, justice, d\u2019\u00e9galit\u00e9 et de paix. C\u2019est dans ce sens que l&rsquo;UNESCO a choisi cette ann\u00e9e, de s\u2019appuyer sur l\u2019art et le sport chez les jeunes.<\/p>\n<p style=\"font-weight: 400; text-align: justify;\">Toujours sur le plan de la sant\u00e9, le Minjec et l&rsquo;Unesco d\u00e9noncent l\u2019usage de drogue. Substance qui d\u00e9tourne\u00a0 un bon nombre de jeunes\u00a0 dans nos communaut\u00e9s. Les jeunes s\u2019ouvrent \u00e0 l\u2019extr\u00e9misme violent, aux discours de haine dans les r\u00e9seaux \u2013sociaux, pourtant leur contribution dans le chantier de la reconstruction nationale de la paix est primordiale.<\/p>\n<p style=\"font-weight: 400; text-align: justify;\">La c\u00e9l\u00e9bration de la Journ\u00e9e internationale de la paix aura \u00e9gaiement \u00e9t\u00e9 marqu\u00e9e par une formation des pensionnaires de l\u2019Acad\u00e9mie nationale de football, suivi d\u2019un match de football. Autant d&rsquo;activit\u00e9s porteuses d&rsquo;espoir pour la jeunesse.<\/p>\n<p>Cet article <a rel=\"nofollow\" href=\"https:\/\/www.journalducameroun.com\/cameroun-lunesco-va-former-1800-jeunes-a-la-resolution-des-conflits-transfrontaliers\/\">Cameroun : l\u2019Unesco va former 1800 jeunes \u00e0 la r\u00e9solution des conflits transfrontaliers<\/a> est apparu en premier sur <a rel=\"nofollow\" href=\"https:\/\/www.journalducameroun.com\/\">Journal du Cameroun<\/a>.<\/p>\n<\/div>\n<p>Auteur: Christian DJIMADEU<br \/>\n<a href=\"https:\/\/www.journalducameroun.com\/cameroun-lunesco-va-former-1800-jeunes-a-la-resolution-des-conflits-transfrontaliers\/\">Cliquez ici pour lire l&rsquo;article depuis sa source.<\/a><\/p>\n","protected":false},"excerpt":{"rendered":"<p>L&rsquo;annonce est du directeur de l\u2019UNESCO Afrique centrale \u00e0 l&rsquo;occasion de la Journ\u00e9e mondiale de la paix qui se c\u00e9l\u00e8bre ce 21 septembre 2021. Pour cette organisation, personne mieux que les jeunes, sont les principaux d\u00e9positaires d\u2019une paix durable. C\u00e9l\u00e9br\u00e9e le 21 septembre tous les ans, la journ\u00e9e internationale de la paix\u00a0 a pour th\u00e8me [&hellip;]<\/p>\n","protected":false},"author":1965,"featured_media":0,"comment_status":"closed","ping_status":"closed","sticky":false,"template":"","format":"standard","meta":{"fifu_image_url":"https:\/\/www.journalducameroun.com\/wp-content\/uploads\/2021\/09\/IMG-20210921-WA0053.jpg","fifu_image_alt":"Cameroun : l\u2019Unesco va former 1800 jeunes \u00e0 la r\u00e9solution des conflits transfrontaliers","footnotes":""},"categories":[73,82],"tags":[],"class_list":["post-127760","post","type-post","status-publish","format-standard","hentry","category-actualite","category-cameroun"],"_links":{"self":[{"href":"https:\/\/linitiative.ca\/International\/wp-json\/wp\/v2\/posts\/127760","targetHints":{"allow":["GET"]}}],"collection":[{"href":"https:\/\/linitiative.ca\/International\/wp-json\/wp\/v2\/posts"}],"about":[{"href":"https:\/\/linitiative.ca\/International\/wp-json\/wp\/v2\/types\/post"}],"author":[{"embeddable":true,"href":"https:\/\/linitiative.ca\/International\/wp-json\/wp\/v2\/users\/1965"}],"replies":[{"embeddable":true,"href":"https:\/\/linitiative.ca\/International\/wp-json\/wp\/v2\/comments?post=127760"}],"version-history":[{"count":0,"href":"https:\/\/linitiative.ca\/International\/wp-json\/wp\/v2\/posts\/127760\/revisions"}],"wp:attachment":[{"href":"https:\/\/linitiative.ca\/International\/wp-json\/wp\/v2\/media?parent=127760"}],"wp:term":[{"taxonomy":"category","embeddable":true,"href":"https:\/\/linitiative.ca\/International\/wp-json\/wp\/v2\/categories?post=127760"},{"taxonomy":"post_tag","embeddable":true,"href":"https:\/\/linitiative.ca\/International\/wp-json\/wp\/v2\/tags?post=127760"}],"curies":[{"name":"wp","href":"https:\/\/api.w.org\/{rel}","templated":true}]}}